{"id":21930,"date":"2015-04-25T11:00:49","date_gmt":"2015-04-25T08:00:49","guid":{"rendered":"http:\/\/sana.sy\/es\/?p=21930"},"modified":"2015-04-25T14:59:26","modified_gmt":"2015-04-25T11:59:26","slug":"la-policia-del-gobierno-de-erdogan-arremete-contra-estudiantes-que-conmemoraban-el-100-aniversario-del-genocidio-armenio","status":"publish","type":"post","link":"https:\/\/archive.sana.sy\/es\/?p=21930","title":{"rendered":"La polic\u00eda del Gobierno de Erdogan arremete contra estudiantes que conmemoraban el genocidio armenio"},"content":{"rendered":"<p><span style=\"color: #800000\">Ankara, SANA<\/span><\/p>\n<p>Los efectivos de la polic\u00eda del Gobierno turco encabezado por Reycep Tayyib Erdogan arremetieron contra estudiantes de la Universidad T\u00e9cnica de Estambul mientras estos \u00faltimos se congregaban para conmemorar el 100 aniversario del genocidio cometido a manos de los otomanos contra el pueblo armenio.<\/p>\n<p>El sitio web turo \u201cRadikal\u201d public\u00f3 este s\u00e1bado que las fuerzas de seguridad trataron de retirar las pancartas colocadas por los estudiantes en la referida Universidad en el marco de las actividades de conmemoraci\u00f3n del genocidio que hab\u00edan realizado ayer.<\/p>\n<p>Las fuerzas de seguridad golpearon con las porras a los estudiantes que intentaron hacer frente a esta acci\u00f3n, a\u00f1adi\u00f3 el sitio.<\/p>\n<p>A continuaci\u00f3n, los efectivos de la polic\u00eda intervinieron, usando el gas lacrim\u00f3geno para dispersar a los estudiantes.<br \/>\nLynn A.<\/p>\n","protected":false},"excerpt":{"rendered":"<p>Ankara, SANA Los efectivos de la polic\u00eda del Gobierno turco encabezado por Reycep Tayyib Erdogan arremetieron contra estudiantes de la Universidad T\u00e9cnica de Estambul mientras estos \u00faltimos se congregaban para conmemorar el 100 aniversario del genocidio cometido a manos de los otomanos contra el pueblo armenio. El sitio web turo \u201cRadikal\u201d public\u00f3 este s\u00e1bado que &hellip;<\/p>\n","protected":false},"author":24,"featured_media":0,"comment_status":"closed","ping_status":"closed","sticky":false,"template":"","format":"standard","meta":{"footnotes":""},"categories":[456,457,576],"tags":[5008],"class_list":["post-21930","post","type-post","status-publish","format-standard","","category-arabe-internacional-politica","category-noticias-arabe-internacional-politica","category-noticias-politicas","tag-la-policia-del-gobierno-de-erdogan-arremete-contra-estudiantes-que-conmemoraban-el-100-aniversario-del-genocidio-armenio"],"_links":{"self":[{"href":"https:\/\/archive.sana.sy\/es\/index.php?rest_route=\/wp\/v2\/posts\/21930"}],"collection":[{"href":"https:\/\/archive.sana.sy\/es\/index.php?rest_route=\/wp\/v2\/posts"}],"about":[{"href":"https:\/\/archive.sana.sy\/es\/index.php?rest_route=\/wp\/v2\/types\/post"}],"author":[{"embeddable":true,"href":"https:\/\/archive.sana.sy\/es\/index.php?rest_route=\/wp\/v2\/users\/24"}],"replies":[{"embeddable":true,"href":"https:\/\/archive.sana.sy\/es\/index.php?rest_route=%2Fwp%2Fv2%2Fcomments&post=21930"}],"version-history":[{"count":0,"href":"https:\/\/archive.sana.sy\/es\/index.php?rest_route=\/wp\/v2\/posts\/21930\/revisions"}],"wp:attachment":[{"href":"https:\/\/archive.sana.sy\/es\/index.php?rest_route=%2Fwp%2Fv2%2Fmedia&parent=21930"}],"wp:term":[{"taxonomy":"category","embeddable":true,"href":"https:\/\/archive.sana.sy\/es\/index.php?rest_route=%2Fwp%2Fv2%2Fcategories&post=21930"},{"taxonomy":"post_tag","embeddable":true,"href":"https:\/\/archive.sana.sy\/es\/index.php?rest_route=%2Fwp%2Fv2%2Ftags&post=21930"}],"curies":[{"name":"wp","href":"https:\/\/api.w.org\/{rel}","templated":true}]}}