{"id":21953,"date":"2015-04-25T20:20:14","date_gmt":"2015-04-25T17:20:14","guid":{"rendered":"http:\/\/sana.sy\/es\/?p=21953"},"modified":"2015-04-25T20:20:14","modified_gmt":"2015-04-25T17:20:14","slug":"un-terremoto-de-79-de-magnitud-sacude-nepal","status":"publish","type":"post","link":"https:\/\/archive.sana.sy\/es\/?p=21953","title":{"rendered":"Un terremoto de 7,9 de magnitud sacude Nepal"},"content":{"rendered":"<p>Katmandu-SANA<\/p>\n<p style=\"text-align: justify\">Nepal sufri\u00f3 este s\u00e1bado un se\u00edsmo de 7,9 de magnitud en la escala de Richter, que ha causado la muerte de al menos 1.457 personas, seg\u00fan el \u00faltimo balance hecho p\u00fablico por las autoridades de Nepal.<\/p>\n<p style=\"text-align: justify\">En el T\u00edbet, regi\u00f3n aut\u00f3noma en el oeste de China fronteriza con Nepal, han fallecido al menos 13 personas como consecuencia de este terremoto. Por otro lado, el terremoto ha dejado en la India al menos 35 muertos, todos en estados del noroeste del pa\u00eds.<\/p>\n<p style=\"text-align: justify\">El se\u00edsmo se registr\u00f3 a las 6.11 horas de este s\u00e1bado, a 28,1 grados latitud norte, 84,7 grados longitud este, punto que queda al noroeste de Katmand\u00fa.<\/p>\n<p style=\"text-align: justify\">Segun explic\u00f3 el portavoz de la polic\u00eda nepal\u00ed, que &#8220;ha habido muertos en todas las regiones, excepto en el extremo oeste. Todo nuestro personal de seguridad ha sido trasladado para rescatar y atender a los necesitados&#8221;.<\/p>\n<p style=\"text-align: justify\">El siniestro ha causado tambi\u00e9n amplios da\u00f1os materiales. De hecho, la torre Dharahara, un importante atractivo tur\u00edstico de Nepal, se ha derrumbado reducida a escombros.<\/p>\n<p style=\"text-align: justify\">&#8220;Miles de personas se encuentran en las calles desde que se produjo el movimiento tel\u00farico alrededor de las 11.56 hora local (06.11 GMT), ante el riesgo de que otras edificaciones colapsen&#8221;, seg\u00fan fuentes locales.<\/p>\n<p style=\"text-align: justify\">Este terremoto en Nepal se suma a otros tantos que han sacudido esa zona. As\u00ed, el \u00faltimo temblor en la zona tuvo lugar el 18 de septiembre de 2011, cuando m\u00e1s de un centenar de personas murieron como consecuencia de un terremoto de 6,9 de magnitud en la escala de Richter.<\/p>\n<p>M.Miri<\/p>\n","protected":false},"excerpt":{"rendered":"<p>Katmandu-SANA Nepal sufri\u00f3 este s\u00e1bado un se\u00edsmo de 7,9 de magnitud en la escala de Richter, que ha causado la muerte de al menos 1.457 personas, seg\u00fan el \u00faltimo balance hecho p\u00fablico por las autoridades de Nepal. En el T\u00edbet, regi\u00f3n aut\u00f3noma en el oeste de China fronteriza con Nepal, han fallecido al menos 13 &hellip;<\/p>\n","protected":false},"author":1,"featured_media":21954,"comment_status":"closed","ping_status":"closed","sticky":false,"template":"","format":"standard","meta":{"footnotes":""},"categories":[1],"tags":[5015,5014],"class_list":["post-21953","post","type-post","status-publish","format-standard","has-post-thumbnail","","category-news-not-sorted","tag-9-de-magnitud-sacude-nepal","tag-un-terremoto-de-7"],"_links":{"self":[{"href":"https:\/\/archive.sana.sy\/es\/index.php?rest_route=\/wp\/v2\/posts\/21953"}],"collection":[{"href":"https:\/\/archive.sana.sy\/es\/index.php?rest_route=\/wp\/v2\/posts"}],"about":[{"href":"https:\/\/archive.sana.sy\/es\/index.php?rest_route=\/wp\/v2\/types\/post"}],"author":[{"embeddable":true,"href":"https:\/\/archive.sana.sy\/es\/index.php?rest_route=\/wp\/v2\/users\/1"}],"replies":[{"embeddable":true,"href":"https:\/\/archive.sana.sy\/es\/index.php?rest_route=%2Fwp%2Fv2%2Fcomments&post=21953"}],"version-history":[{"count":0,"href":"https:\/\/archive.sana.sy\/es\/index.php?rest_route=\/wp\/v2\/posts\/21953\/revisions"}],"wp:featuredmedia":[{"embeddable":true,"href":"https:\/\/archive.sana.sy\/es\/index.php?rest_route=\/wp\/v2\/media\/21954"}],"wp:attachment":[{"href":"https:\/\/archive.sana.sy\/es\/index.php?rest_route=%2Fwp%2Fv2%2Fmedia&parent=21953"}],"wp:term":[{"taxonomy":"category","embeddable":true,"href":"https:\/\/archive.sana.sy\/es\/index.php?rest_route=%2Fwp%2Fv2%2Fcategories&post=21953"},{"taxonomy":"post_tag","embeddable":true,"href":"https:\/\/archive.sana.sy\/es\/index.php?rest_route=%2Fwp%2Fv2%2Ftags&post=21953"}],"curies":[{"name":"wp","href":"https:\/\/api.w.org\/{rel}","templated":true}]}}