{"id":21956,"date":"2015-04-25T21:12:03","date_gmt":"2015-04-25T18:12:03","guid":{"rendered":"http:\/\/sana.sy\/es\/?p=21956"},"modified":"2015-04-25T21:12:03","modified_gmt":"2015-04-25T18:12:03","slug":"desde-espana-los-sirios-confirman-su-apoyo-a-la-patria-en-su-lucha-contra-el-terrorismo","status":"publish","type":"post","link":"https:\/\/archive.sana.sy\/es\/?p=21956","title":{"rendered":"Desde Espa\u00f1a los sirios confirman su apoyo a la patria en su lucha contra el terrorismo"},"content":{"rendered":"<p><span style=\"color: #0000ff\">Madrid-SANA<\/span><\/p>\n<p style=\"text-align: justify\">La comunidad siria en Espa\u00f1a ha expresado su orgullo hacia la patria que ha superado todas las conspiraciones y la guerra terrorista lanzada contra ella.<\/p>\n<p style=\"text-align: justify\">Durante un encuentro de solidaridad celebrado en la ciudad costera espa\u00f1ola Marbella, y con la presencia de empresarios sirios y espa\u00f1oles, la comunidad siria elogi\u00f3 el hero\u00edsmo y los avances logrados por el ej\u00e9rcito \u00e1rabe sirio, y los sacrificios de los m\u00e1rtires que estaban realizando su deber en defender la integridad nacional y la dignidad de Siria.<\/p>\n<p style=\"text-align: justify\">\u201cNos damos cuenta de que los expatriados sirios han apoyado la patria durante la crisis, y que ejerc\u00edan todos los esfuerzos posibles para defenderla frente a la conspiraci\u00f3n siniestra\u201d, dijo Fauzi al-Kanafi, El presidente de la Asociaci\u00f3n de Empresarios sirio-espa\u00f1ol.<\/p>\n<p style=\"text-align: justify\">al-Kanafi indic\u00f3 que el resultado m\u00e1s importante de la guerra terrorista contra Siria es que mostr\u00f3 la posici\u00f3n firme del pueblo sirio en mantener sus filas unidas y defender la unidad nacional de siria, lo que constituye un ejemplo a seguir.<\/p>\n<p><span style=\"color: #800000\">M.Miri<\/span><\/p>\n","protected":false},"excerpt":{"rendered":"<p>Madrid-SANA La comunidad siria en Espa\u00f1a ha expresado su orgullo hacia la patria que ha superado todas las conspiraciones y la guerra terrorista lanzada contra ella. Durante un encuentro de solidaridad celebrado en la ciudad costera espa\u00f1ola Marbella, y con la presencia de empresarios sirios y espa\u00f1oles, la comunidad siria elogi\u00f3 el hero\u00edsmo y los &hellip;<\/p>\n","protected":false},"author":1,"featured_media":21957,"comment_status":"closed","ping_status":"closed","sticky":false,"template":"","format":"standard","meta":{"footnotes":""},"categories":[1],"tags":[5016],"class_list":["post-21956","post","type-post","status-publish","format-standard","has-post-thumbnail","","category-news-not-sorted","tag-desde-espana-los-sirios-confirman-su-apoyo-a-la-patria-en-su-lucha-contra-el-terrorismo"],"_links":{"self":[{"href":"https:\/\/archive.sana.sy\/es\/index.php?rest_route=\/wp\/v2\/posts\/21956"}],"collection":[{"href":"https:\/\/archive.sana.sy\/es\/index.php?rest_route=\/wp\/v2\/posts"}],"about":[{"href":"https:\/\/archive.sana.sy\/es\/index.php?rest_route=\/wp\/v2\/types\/post"}],"author":[{"embeddable":true,"href":"https:\/\/archive.sana.sy\/es\/index.php?rest_route=\/wp\/v2\/users\/1"}],"replies":[{"embeddable":true,"href":"https:\/\/archive.sana.sy\/es\/index.php?rest_route=%2Fwp%2Fv2%2Fcomments&post=21956"}],"version-history":[{"count":0,"href":"https:\/\/archive.sana.sy\/es\/index.php?rest_route=\/wp\/v2\/posts\/21956\/revisions"}],"wp:featuredmedia":[{"embeddable":true,"href":"https:\/\/archive.sana.sy\/es\/index.php?rest_route=\/wp\/v2\/media\/21957"}],"wp:attachment":[{"href":"https:\/\/archive.sana.sy\/es\/index.php?rest_route=%2Fwp%2Fv2%2Fmedia&parent=21956"}],"wp:term":[{"taxonomy":"category","embeddable":true,"href":"https:\/\/archive.sana.sy\/es\/index.php?rest_route=%2Fwp%2Fv2%2Fcategories&post=21956"},{"taxonomy":"post_tag","embeddable":true,"href":"https:\/\/archive.sana.sy\/es\/index.php?rest_route=%2Fwp%2Fv2%2Ftags&post=21956"}],"curies":[{"name":"wp","href":"https:\/\/api.w.org\/{rel}","templated":true}]}}