{"id":219642,"date":"2022-02-22T09:18:01","date_gmt":"2022-02-22T07:18:01","guid":{"rendered":"http:\/\/107.6.182.27\/es\/?p=219642"},"modified":"2022-02-22T21:32:14","modified_gmt":"2022-02-22T19:32:14","slug":"canciller-sirio-anuncia-apoyo-a-decision-rusa-de-reconocer-las-republicas-de-las-republicas-de-luhansk-y-donetsk","status":"publish","type":"post","link":"https:\/\/archive.sana.sy\/es\/?p=219642","title":{"rendered":"Canciller sirio anuncia apoyo a decisi\u00f3n rusa de reconocer las rep\u00fablicas de Luhansk y Donetsk"},"content":{"rendered":"<p>Mosc\u00fa, 22 feb (SANA)\u00a0 El ministro de Exteriores y Expatriados de Siria, Faisal al-Mekdad, anunci\u00f3 el apoyo de su pa\u00eds a la decisi\u00f3n del presidente Vladimir Putin de reconocer las rep\u00fablicas de las rep\u00fablicas de Luhansk y Donetsk.<\/p>\n<p>&#8220;Siria apoya la decisi\u00f3n del presidente Vladimir Putin de reconocer las rep\u00fablicas de Luhansk y Donetsk y cooperar\u00e1 con ellas&#8221;, afirm\u00f3 el ministro durante la Conferencia de Vald\u00e1i en Mosc\u00fa.<br \/>\nAsegur\u00f3 que &#8220;lo que est\u00e1 haciendo Occidente contra Rusia es similar a lo que hizo contra Siria durante la guerra terrorista&#8221;.<br \/>\nEl jefe de la diplomacia siria denunci\u00f3 que las fuerzas de ocupaci\u00f3n estadounidenses y las milicias separatistas respaldadas por las mismas contin\u00faan saqueando las riquezas del pueblo sirio, de petr\u00f3leo y trigo.<br \/>\nEstados Unidos y Occidente siguen apoyando el terrorismo en Siria lo cual constituye una amenaza para Oriente Medio y el mundo, manifest\u00f3.<br \/>\nPor otro lado, denunci\u00f3 que el r\u00e9gimen turco sigue apoyando a las organizaciones terroristas en Siria y viola as\u00ed las resoluciones de legitimidad internacional y sus obligaciones en virtud de los acuerdos de Astan\u00e1.<br \/>\n&#8220;Las medidas econ\u00f3micas occidentales ilegales y coercitivas exacerban el sufrimiento del pueblo sirio y lo privan de sus necesidades b\u00e1sicas&#8221;, afirm\u00f3 el titular.<\/p>\n","protected":false},"excerpt":{"rendered":"<p>Mosc\u00fa, 22 feb (SANA)\u00a0 El ministro de Exteriores y Expatriados de Siria, Faisal al-Mekdad, anunci\u00f3 el apoyo de su pa\u00eds a la decisi\u00f3n del presidente Vladimir Putin de reconocer las rep\u00fablicas de las rep\u00fablicas de Luhansk y Donetsk. &#8220;Siria apoya la decisi\u00f3n del presidente Vladimir Putin de reconocer las rep\u00fablicas de Luhansk y Donetsk y &hellip;<\/p>\n","protected":false},"author":35,"featured_media":0,"comment_status":"closed","ping_status":"closed","sticky":false,"template":"","format":"standard","meta":{"footnotes":""},"categories":[1],"tags":[],"class_list":["post-219642","post","type-post","status-publish","format-standard","","category-news-not-sorted"],"_links":{"self":[{"href":"https:\/\/archive.sana.sy\/es\/index.php?rest_route=\/wp\/v2\/posts\/219642"}],"collection":[{"href":"https:\/\/archive.sana.sy\/es\/index.php?rest_route=\/wp\/v2\/posts"}],"about":[{"href":"https:\/\/archive.sana.sy\/es\/index.php?rest_route=\/wp\/v2\/types\/post"}],"author":[{"embeddable":true,"href":"https:\/\/archive.sana.sy\/es\/index.php?rest_route=\/wp\/v2\/users\/35"}],"replies":[{"embeddable":true,"href":"https:\/\/archive.sana.sy\/es\/index.php?rest_route=%2Fwp%2Fv2%2Fcomments&post=219642"}],"version-history":[{"count":0,"href":"https:\/\/archive.sana.sy\/es\/index.php?rest_route=\/wp\/v2\/posts\/219642\/revisions"}],"wp:attachment":[{"href":"https:\/\/archive.sana.sy\/es\/index.php?rest_route=%2Fwp%2Fv2%2Fmedia&parent=219642"}],"wp:term":[{"taxonomy":"category","embeddable":true,"href":"https:\/\/archive.sana.sy\/es\/index.php?rest_route=%2Fwp%2Fv2%2Fcategories&post=219642"},{"taxonomy":"post_tag","embeddable":true,"href":"https:\/\/archive.sana.sy\/es\/index.php?rest_route=%2Fwp%2Fv2%2Ftags&post=219642"}],"curies":[{"name":"wp","href":"https:\/\/api.w.org\/{rel}","templated":true}]}}