{"id":21967,"date":"2015-04-25T22:53:27","date_gmt":"2015-04-25T19:53:27","guid":{"rendered":"http:\/\/sana.sy\/es\/?p=21967"},"modified":"2023-01-09T14:10:12","modified_gmt":"2023-01-09T12:10:12","slug":"la-delegacion-de-los-partidarios-de-la-paz-visita-las-localidades-de-maalula-y-saidnaya","status":"publish","type":"post","link":"https:\/\/archive.sana.sy\/es\/?p=21967","title":{"rendered":"La delegaci\u00f3n de los partidarios de la paz visita las \u00a0localidades de Maalula y Saidnaya"},"content":{"rendered":"<p><span style=\"color: #0000ff\">Damasco-SANA<\/span><\/p>\n<p>Los miembros de la delegaci\u00f3n de los partidarios de la paz participan en los trabajos de la conferencia internacional titulada &#8220;Para la reconstrucci\u00f3n de Siria&#8221;, visit\u00f3 hoy la ciudad de Maalula en los suburbios de Damasco.<\/p>\n<p><a href=\"http:\/\/sana.sy\/es\/?attachment_id=21969\" rel=\"attachment wp-att-21969\"><img loading=\"lazy\" decoding=\"async\" class=\"alignnone size-medium wp-image-21969\" src=\"http:\/\/sana.sy\/es\/wp-content\/uploads\/2015\/04\/024-300x200.jpg\" alt=\"02\" width=\"300\" height=\"200\" srcset=\"https:\/\/archive.sana.sy\/es\/wp-content\/uploads\/2015\/04\/024.jpg 300w, https:\/\/archive.sana.sy\/es\/wp-content\/uploads\/2015\/04\/024-150x100.jpg 150w\" sizes=\"(max-width: 300px) 100vw, 300px\" \/><\/a>\u00a0<a href=\"http:\/\/sana.sy\/es\/?attachment_id=21970\" rel=\"attachment wp-att-21970\"><img loading=\"lazy\" decoding=\"async\" class=\"alignnone size-medium wp-image-21970\" src=\"http:\/\/sana.sy\/es\/wp-content\/uploads\/2015\/04\/035-300x200.jpg\" alt=\"03\" width=\"300\" height=\"200\" srcset=\"https:\/\/archive.sana.sy\/es\/wp-content\/uploads\/2015\/04\/035.jpg 300w, https:\/\/archive.sana.sy\/es\/wp-content\/uploads\/2015\/04\/035-150x100.jpg 150w\" sizes=\"(max-width: 300px) 100vw, 300px\" \/><\/a><\/p>\n<p>Los miembros de la delegaci\u00f3n condenaron los actos terroristas contra \u00a0iglesias, sitios arqueol\u00f3gicos, la ciudad vieja, y las casas de los ciudadanos.<\/p>\n<p>En el mismo contexto, la delegaci\u00f3n exigi\u00f3 a los pa\u00edses que apoyan a las organizaciones \u00a0terroristas que dejen \u00a0de hacerlo y dejar que el pueblo sirio para decidir su destino.<\/p>\n<p><a href=\"http:\/\/sana.sy\/es\/?attachment_id=21971\" rel=\"attachment wp-att-21971\"><img loading=\"lazy\" decoding=\"async\" class=\"alignnone size-medium wp-image-21971\" src=\"http:\/\/sana.sy\/es\/wp-content\/uploads\/2015\/04\/044-300x200.jpg\" alt=\"04\" width=\"300\" height=\"200\" srcset=\"https:\/\/archive.sana.sy\/es\/wp-content\/uploads\/2015\/04\/044.jpg 300w, https:\/\/archive.sana.sy\/es\/wp-content\/uploads\/2015\/04\/044-150x100.jpg 150w\" sizes=\"(max-width: 300px) 100vw, 300px\" \/><\/a>\u00a0<a href=\"http:\/\/sana.sy\/es\/?attachment_id=21972\" rel=\"attachment wp-att-21972\"><img loading=\"lazy\" decoding=\"async\" class=\"alignnone size-medium wp-image-21972\" src=\"http:\/\/sana.sy\/es\/wp-content\/uploads\/2015\/04\/053-300x200.jpg\" alt=\"05\" width=\"300\" height=\"200\" srcset=\"https:\/\/archive.sana.sy\/es\/wp-content\/uploads\/2015\/04\/053.jpg 300w, https:\/\/archive.sana.sy\/es\/wp-content\/uploads\/2015\/04\/053-150x100.jpg 150w\" sizes=\"(max-width: 300px) 100vw, 300px\" \/><\/a><\/p>\n<p>Adem\u00e1s, la delegaci\u00f3n visit\u00f3 la ciudad de Saidnaya \u00a0a las afueras de Damasco, donde particip\u00f3 en una ceremonia para honrar la memoria de los m\u00e1rtires de la ciudad.<\/p>\n<p><a href=\"http:\/\/sana.sy\/es\/?attachment_id=21973\" rel=\"attachment wp-att-21973\"><img loading=\"lazy\" decoding=\"async\" class=\"alignnone size-full wp-image-21973\" src=\"http:\/\/sana.sy\/es\/wp-content\/uploads\/2015\/04\/062.jpg\" alt=\"06\" width=\"150\" height=\"150\" srcset=\"https:\/\/archive.sana.sy\/es\/wp-content\/uploads\/2015\/04\/062.jpg 150w, https:\/\/archive.sana.sy\/es\/wp-content\/uploads\/2015\/04\/062-70x70.jpg 70w\" sizes=\"(max-width: 150px) 100vw, 150px\" \/><\/a>\u00a0<a href=\"http:\/\/sana.sy\/es\/?attachment_id=21974\" rel=\"attachment wp-att-21974\"><img loading=\"lazy\" decoding=\"async\" class=\"alignnone size-full wp-image-21974\" src=\"http:\/\/sana.sy\/es\/wp-content\/uploads\/2015\/04\/071.jpg\" alt=\"07\" width=\"150\" height=\"150\" srcset=\"https:\/\/archive.sana.sy\/es\/wp-content\/uploads\/2015\/04\/071.jpg 150w, https:\/\/archive.sana.sy\/es\/wp-content\/uploads\/2015\/04\/071-70x70.jpg 70w\" sizes=\"(max-width: 150px) 100vw, 150px\" \/><\/a>\u00a0<a href=\"http:\/\/sana.sy\/es\/?attachment_id=21975\" rel=\"attachment wp-att-21975\"><img loading=\"lazy\" decoding=\"async\" class=\"alignnone size-full wp-image-21975\" src=\"http:\/\/sana.sy\/es\/wp-content\/uploads\/2015\/04\/08.jpg\" alt=\"08\" width=\"150\" height=\"150\" srcset=\"https:\/\/archive.sana.sy\/es\/wp-content\/uploads\/2015\/04\/08.jpg 150w, https:\/\/archive.sana.sy\/es\/wp-content\/uploads\/2015\/04\/08-70x70.jpg 70w\" sizes=\"(max-width: 150px) 100vw, 150px\" \/><\/a><\/p>\n<p><span style=\"color: #800000\">M.Miri<\/span><\/p>\n","protected":false},"excerpt":{"rendered":"<p>Damasco-SANA Los miembros de la delegaci\u00f3n de los partidarios de la paz participan en los trabajos de la conferencia internacional titulada &#8220;Para la reconstrucci\u00f3n de Siria&#8221;, visit\u00f3 hoy la ciudad de Maalula en los suburbios de Damasco. \u00a0 Los miembros de la delegaci\u00f3n condenaron los actos terroristas contra \u00a0iglesias, sitios arqueol\u00f3gicos, la ciudad vieja, y &hellip;<\/p>\n","protected":false},"author":1,"featured_media":21968,"comment_status":"closed","ping_status":"closed","sticky":false,"template":"","format":"standard","meta":{"footnotes":""},"categories":[477,476],"tags":[5018],"class_list":["post-21967","post","type-post","status-publish","format-standard","has-post-thumbnail","","category-noticias-edulcorantes","category-locales","tag-la-delegacion-de-los-partidarios-de-la-paz-visita-las-localidades-de-maalula-y-saidnaya"],"_links":{"self":[{"href":"https:\/\/archive.sana.sy\/es\/index.php?rest_route=\/wp\/v2\/posts\/21967"}],"collection":[{"href":"https:\/\/archive.sana.sy\/es\/index.php?rest_route=\/wp\/v2\/posts"}],"about":[{"href":"https:\/\/archive.sana.sy\/es\/index.php?rest_route=\/wp\/v2\/types\/post"}],"author":[{"embeddable":true,"href":"https:\/\/archive.sana.sy\/es\/index.php?rest_route=\/wp\/v2\/users\/1"}],"replies":[{"embeddable":true,"href":"https:\/\/archive.sana.sy\/es\/index.php?rest_route=%2Fwp%2Fv2%2Fcomments&post=21967"}],"version-history":[{"count":0,"href":"https:\/\/archive.sana.sy\/es\/index.php?rest_route=\/wp\/v2\/posts\/21967\/revisions"}],"wp:featuredmedia":[{"embeddable":true,"href":"https:\/\/archive.sana.sy\/es\/index.php?rest_route=\/wp\/v2\/media\/21968"}],"wp:attachment":[{"href":"https:\/\/archive.sana.sy\/es\/index.php?rest_route=%2Fwp%2Fv2%2Fmedia&parent=21967"}],"wp:term":[{"taxonomy":"category","embeddable":true,"href":"https:\/\/archive.sana.sy\/es\/index.php?rest_route=%2Fwp%2Fv2%2Fcategories&post=21967"},{"taxonomy":"post_tag","embeddable":true,"href":"https:\/\/archive.sana.sy\/es\/index.php?rest_route=%2Fwp%2Fv2%2Ftags&post=21967"}],"curies":[{"name":"wp","href":"https:\/\/api.w.org\/{rel}","templated":true}]}}