{"id":219822,"date":"2022-02-23T15:31:34","date_gmt":"2022-02-23T13:31:34","guid":{"rendered":"http:\/\/107.6.182.27\/es\/?p=219822"},"modified":"2022-02-23T15:31:34","modified_gmt":"2022-02-23T13:31:34","slug":"siria-y-la-unesco-abordan-cooperacion-en-sector-educativo","status":"publish","type":"post","link":"https:\/\/archive.sana.sy\/es\/?p=219822","title":{"rendered":"Siria y la Unesco abordan cooperaci\u00f3n en sector educativo"},"content":{"rendered":"<p style=\"text-align: justify;\"><span style=\"color: #800000;\"><strong>Damasco, 23 feb (SANA) <\/strong><\/span>El ministro de Educaci\u00f3n, Darem Tabba, repas\u00f3 con el Jefe del Departamento Regional de Educaci\u00f3n de la Oficina de la Organizaci\u00f3n de las Naciones Unidas para la Educaci\u00f3n (UNESCO) en Beirut, Hana Yoshimito, los \u00e1mbitos de la cooperaci\u00f3n educativa e identificar las necesidades nacionales que puedan ser atendidas.<\/p>\n<p style=\"text-align: justify;\">Durante la reuni\u00f3n celebrada en la sede del ministerio en Damasco, el ministro Tabaa afirm\u00f3 la importancia de la cooperaci\u00f3n entre el ministerio y la organizaci\u00f3n mediante la proporci\u00f3n de la madera necesaria para fabricar sillas en las escuelas de las provincias de Deraa, Quneitra y Alepo, con el objetivo de mejorar el proceso educativo y cooperar en el desarrollo de los planes de estudio.<\/p>\n<p style=\"text-align: justify;\">El titular recalc\u00f3 la importancia de apoyar los esfuerzos nacionales en el campo de la protecci\u00f3n y preservaci\u00f3n del patrimonio cultural tangible e intangible, el aprendizaje social y la formaci\u00f3n de docentes.<\/p>\n<p style=\"text-align: justify;\">A su vez, Yoshimito enfatiz\u00f3 el inter\u00e9s de la organizaci\u00f3n por impulsar la cooperaci\u00f3n educativa con el Ministerio de Educaci\u00f3n mediante la definici\u00f3n de sus prioridades y apoyar la labor educativa en toda Siria.<\/p>\n<p style=\"text-align: justify;\"><em>ed\/fm<\/em><\/p>\n","protected":false},"excerpt":{"rendered":"<p>Damasco, 23 feb (SANA) El ministro de Educaci\u00f3n, Darem Tabba, repas\u00f3 con el Jefe del Departamento Regional de Educaci\u00f3n de la Oficina de la Organizaci\u00f3n de las Naciones Unidas para la Educaci\u00f3n (UNESCO) en Beirut, Hana Yoshimito, los \u00e1mbitos de la cooperaci\u00f3n educativa e identificar las necesidades nacionales que puedan ser atendidas. Durante la reuni\u00f3n &hellip;<\/p>\n","protected":false},"author":32,"featured_media":219823,"comment_status":"closed","ping_status":"closed","sticky":false,"template":"","format":"standard","meta":{"footnotes":""},"categories":[477,447,597,476,7541],"tags":[8947,20686,20685,6553],"class_list":["post-219822","post","type-post","status-publish","format-standard","has-post-thumbnail","","category-noticias-edulcorantes","category-local-politica","category-cinta-de-noticias","category-locales","category-ultimas-noticias","tag-beirut","tag-hana-yoshimito","tag-la-unesco","tag-siria"],"_links":{"self":[{"href":"https:\/\/archive.sana.sy\/es\/index.php?rest_route=\/wp\/v2\/posts\/219822"}],"collection":[{"href":"https:\/\/archive.sana.sy\/es\/index.php?rest_route=\/wp\/v2\/posts"}],"about":[{"href":"https:\/\/archive.sana.sy\/es\/index.php?rest_route=\/wp\/v2\/types\/post"}],"author":[{"embeddable":true,"href":"https:\/\/archive.sana.sy\/es\/index.php?rest_route=\/wp\/v2\/users\/32"}],"replies":[{"embeddable":true,"href":"https:\/\/archive.sana.sy\/es\/index.php?rest_route=%2Fwp%2Fv2%2Fcomments&post=219822"}],"version-history":[{"count":0,"href":"https:\/\/archive.sana.sy\/es\/index.php?rest_route=\/wp\/v2\/posts\/219822\/revisions"}],"wp:featuredmedia":[{"embeddable":true,"href":"https:\/\/archive.sana.sy\/es\/index.php?rest_route=\/wp\/v2\/media\/219823"}],"wp:attachment":[{"href":"https:\/\/archive.sana.sy\/es\/index.php?rest_route=%2Fwp%2Fv2%2Fmedia&parent=219822"}],"wp:term":[{"taxonomy":"category","embeddable":true,"href":"https:\/\/archive.sana.sy\/es\/index.php?rest_route=%2Fwp%2Fv2%2Fcategories&post=219822"},{"taxonomy":"post_tag","embeddable":true,"href":"https:\/\/archive.sana.sy\/es\/index.php?rest_route=%2Fwp%2Fv2%2Ftags&post=219822"}],"curies":[{"name":"wp","href":"https:\/\/api.w.org\/{rel}","templated":true}]}}