{"id":219935,"date":"2022-02-24T09:06:47","date_gmt":"2022-02-24T07:06:47","guid":{"rendered":"http:\/\/107.6.182.27\/es\/?p=219935"},"modified":"2022-02-24T15:22:19","modified_gmt":"2022-02-24T13:22:19","slug":"noticias-de-ultima-hora-sobre-la-operacion-especial-rusa-en-donbass","status":"publish","type":"post","link":"https:\/\/archive.sana.sy\/es\/?p=219935","title":{"rendered":"Noticias de \u00faltima hora sobre la operaci\u00f3n especial rusa en Donbass"},"content":{"rendered":"<p style=\"text-align: justify;\"><span style=\"color: #800000;\"><strong>Mosc\u00fa, 24 feb (SANA)\u00a0<\/strong><\/span> \u00a0Rep\u00fablica de Lugansk anuncia que sus fuerzas tomaron el control de las localidades de Shastya y Stanitsa tras expulsar las fuerzas ucranianas de las mismas.<\/p>\n<p style=\"text-align: justify;\">????????\u00a0Ministerio de Defensa ruso desmiente alegaciones de Ucrania de derribar aviones rusos y anuncia la destrucci\u00f3n de los sistemas de defensa a\u00e9rea de Ucrania.<\/p>\n<p style=\"text-align: justify;\">????????\u00a0Ministerio de Defensa ruso anuncia la destrucci\u00f3n de los sistemas de defensa a\u00e9rea ucranianos.<\/p>\n<p style=\"text-align: justify;\">????????\u00a0Agencias y medios internacionales: Se escucharon explosiones en las afueras de la capital ucraniana, Kiev, en las ciudades de Odessa y Kharkiv, cerca de la frontera rusa, y en el este de Ucrania.<\/p>\n<p style=\"text-align: justify;\">????????\u00a0Presidente de Ucrania declara el estado de emergencia en el pa\u00eds.<\/p>\n<p style=\"text-align: justify;\">????????\u00a0Autoridades de aviaci\u00f3n rusas cierran su espacio a\u00e9reo cerca de la frontera con Ucrania ante la aviaci\u00f3n civil.<\/p>\n<p style=\"text-align: justify;\">????????\u00a0Ministerio de Defensa de Rusia anuncia haber neutralizado con armas de de alta precisi\u00f3n la infraestructura militar, los aer\u00f3dromos militares y la aviaci\u00f3n del ej\u00e9rcito ucraniano.<\/p>\n<p style=\"text-align: justify;\">????????\u00a0Putin: Rusia no permitir\u00e1 que la OTAN se instale militarmente en sus fronteras, y la OTAN sobrepas\u00f3 las l\u00edneas rojas.<\/p>\n<p style=\"text-align: justify;\">????????\u00a0Putin pide a los militares ucranianos que depongan las armas.<\/p>\n<p>fm\/ed<\/p>\n","protected":false},"excerpt":{"rendered":"<p>Mosc\u00fa, 24 feb (SANA)\u00a0 \u00a0Rep\u00fablica de Lugansk anuncia que sus fuerzas tomaron el control de las localidades de Shastya y Stanitsa tras expulsar las fuerzas ucranianas de las mismas. ????????\u00a0Ministerio de Defensa ruso desmiente alegaciones de Ucrania de derribar aviones rusos y anuncia la destrucci\u00f3n de los sistemas de defensa a\u00e9rea de Ucrania. ????????\u00a0Ministerio de &hellip;<\/p>\n","protected":false},"author":32,"featured_media":219938,"comment_status":"closed","ping_status":"closed","sticky":false,"template":"","format":"standard","meta":{"footnotes":""},"categories":[597,456,7541],"tags":[20281,6695,20357],"class_list":["post-219935","post","type-post","status-publish","format-standard","has-post-thumbnail","","category-cinta-de-noticias","category-arabe-internacional-politica","category-ultimas-noticias","tag-kiev","tag-rusia","tag-ucrania"],"_links":{"self":[{"href":"https:\/\/archive.sana.sy\/es\/index.php?rest_route=\/wp\/v2\/posts\/219935"}],"collection":[{"href":"https:\/\/archive.sana.sy\/es\/index.php?rest_route=\/wp\/v2\/posts"}],"about":[{"href":"https:\/\/archive.sana.sy\/es\/index.php?rest_route=\/wp\/v2\/types\/post"}],"author":[{"embeddable":true,"href":"https:\/\/archive.sana.sy\/es\/index.php?rest_route=\/wp\/v2\/users\/32"}],"replies":[{"embeddable":true,"href":"https:\/\/archive.sana.sy\/es\/index.php?rest_route=%2Fwp%2Fv2%2Fcomments&post=219935"}],"version-history":[{"count":0,"href":"https:\/\/archive.sana.sy\/es\/index.php?rest_route=\/wp\/v2\/posts\/219935\/revisions"}],"wp:featuredmedia":[{"embeddable":true,"href":"https:\/\/archive.sana.sy\/es\/index.php?rest_route=\/wp\/v2\/media\/219938"}],"wp:attachment":[{"href":"https:\/\/archive.sana.sy\/es\/index.php?rest_route=%2Fwp%2Fv2%2Fmedia&parent=219935"}],"wp:term":[{"taxonomy":"category","embeddable":true,"href":"https:\/\/archive.sana.sy\/es\/index.php?rest_route=%2Fwp%2Fv2%2Fcategories&post=219935"},{"taxonomy":"post_tag","embeddable":true,"href":"https:\/\/archive.sana.sy\/es\/index.php?rest_route=%2Fwp%2Fv2%2Ftags&post=219935"}],"curies":[{"name":"wp","href":"https:\/\/api.w.org\/{rel}","templated":true}]}}