{"id":219940,"date":"2022-02-24T09:17:49","date_gmt":"2022-02-24T07:17:49","guid":{"rendered":"http:\/\/107.6.182.27\/es\/?p=219940"},"modified":"2023-01-10T16:38:34","modified_gmt":"2023-01-10T14:38:34","slug":"rusia-neutraliza-la-infraestructura-de-las-bases-aereas-ucranianas","status":"publish","type":"post","link":"https:\/\/archive.sana.sy\/es\/?p=219940","title":{"rendered":"Rusia neutraliza la infraestructura de las bases a\u00e9reas ucranianas"},"content":{"rendered":"<p style=\"text-align: justify;\"><span style=\"color: #800000;\"><strong>Mosc\u00fa, 24 feb (SANA)<\/strong> <\/span>El Ministerio de Defensa ruso anunci\u00f3 que sus fuerzas neutralizaron la infraestructura militar en las bases a\u00e9reas ucranianas adem\u00e1s de silenciar sus defensas.<\/p>\n<p style=\"text-align: justify;\">En una declaraci\u00f3n, el ministerio desminti\u00f3 los informes de prensa sobre el derribo de aviones rusos, y se\u00f1al\u00f3 que estas noticias carecen de fundamento.<\/p>\n<p style=\"text-align: justify;\">El ministerio se\u00f1al\u00f3 que los guardias fronterizos ucranianos no muestran ninguna resistencia antes las unidades rusas.<\/p>\n<p style=\"text-align: justify;\">fm\/ed<\/p>\n","protected":false},"excerpt":{"rendered":"<p>Mosc\u00fa, 24 feb (SANA) El Ministerio de Defensa ruso anunci\u00f3 que sus fuerzas neutralizaron la infraestructura militar en las bases a\u00e9reas ucranianas adem\u00e1s de silenciar sus defensas. En una declaraci\u00f3n, el ministerio desminti\u00f3 los informes de prensa sobre el derribo de aviones rusos, y se\u00f1al\u00f3 que estas noticias carecen de fundamento. El ministerio se\u00f1al\u00f3 que &hellip;<\/p>\n","protected":false},"author":32,"featured_media":219941,"comment_status":"closed","ping_status":"closed","sticky":false,"template":"","format":"standard","meta":{"footnotes":""},"categories":[597,456,7541],"tags":[6695],"class_list":["post-219940","post","type-post","status-publish","format-standard","has-post-thumbnail","","category-cinta-de-noticias","category-arabe-internacional-politica","category-ultimas-noticias","tag-rusia"],"_links":{"self":[{"href":"https:\/\/archive.sana.sy\/es\/index.php?rest_route=\/wp\/v2\/posts\/219940"}],"collection":[{"href":"https:\/\/archive.sana.sy\/es\/index.php?rest_route=\/wp\/v2\/posts"}],"about":[{"href":"https:\/\/archive.sana.sy\/es\/index.php?rest_route=\/wp\/v2\/types\/post"}],"author":[{"embeddable":true,"href":"https:\/\/archive.sana.sy\/es\/index.php?rest_route=\/wp\/v2\/users\/32"}],"replies":[{"embeddable":true,"href":"https:\/\/archive.sana.sy\/es\/index.php?rest_route=%2Fwp%2Fv2%2Fcomments&post=219940"}],"version-history":[{"count":0,"href":"https:\/\/archive.sana.sy\/es\/index.php?rest_route=\/wp\/v2\/posts\/219940\/revisions"}],"wp:featuredmedia":[{"embeddable":true,"href":"https:\/\/archive.sana.sy\/es\/index.php?rest_route=\/wp\/v2\/media\/219941"}],"wp:attachment":[{"href":"https:\/\/archive.sana.sy\/es\/index.php?rest_route=%2Fwp%2Fv2%2Fmedia&parent=219940"}],"wp:term":[{"taxonomy":"category","embeddable":true,"href":"https:\/\/archive.sana.sy\/es\/index.php?rest_route=%2Fwp%2Fv2%2Fcategories&post=219940"},{"taxonomy":"post_tag","embeddable":true,"href":"https:\/\/archive.sana.sy\/es\/index.php?rest_route=%2Fwp%2Fv2%2Ftags&post=219940"}],"curies":[{"name":"wp","href":"https:\/\/api.w.org\/{rel}","templated":true}]}}