{"id":220050,"date":"2022-02-24T20:33:17","date_gmt":"2022-02-24T18:33:17","guid":{"rendered":"http:\/\/107.6.182.27\/es\/?p=220050"},"modified":"2023-01-10T16:38:32","modified_gmt":"2023-01-10T14:38:32","slug":"eeuu-despliega-aviones-f35-en-las-zonas-del-baltico-y-el-mar-negro","status":"publish","type":"post","link":"https:\/\/archive.sana.sy\/es\/?p=220050","title":{"rendered":"EEUU despliega aviones F35 en las zonas del B\u00e1ltico y el Mar Negro"},"content":{"rendered":"<p style=\"text-align: justify;\"><span style=\"color: #800000;\"><strong>Bruselas, 24 feb (SANA)\u00a0 \u00a0<\/strong><\/span>El Ministerio de Defensa de Lituania anunci\u00f3 la llegada de aviones de combate estadounidenses F35 a su territorio.<\/p>\n<p style=\"text-align: justify;\">Un comunicado del Ministerio de Defensa lituano anunci\u00f3 la llegada de aviones F35 a la base militar Siauliay donde se posicionan tropas de EEUU, se\u00f1alando que el arribo de los aviones vino a ra\u00edz de la actual situaci\u00f3n de seguridad en Ucrania.<\/p>\n<p style=\"text-align: justify;\">Por su parte el sitio web The Avianishist inform\u00f3 que fueron desplegados seis aviones F16 en las zonas del B\u00e1ltico y el Mar Negro para reforzar la defensa colectiva de la OTAN.<\/p>\n<p style=\"text-align: justify;\">El sitio electr\u00f3nico se\u00f1al\u00f3 que los aviones operar\u00e1n por un tiempo desde la base a\u00e9rea de Amary en Estonia y la base de Siauliyay en Lituania y la base a\u00e9rea de Veteste en Rumania.<\/p>\n<p style=\"text-align: justify;\">Los aviones ven\u00edan inicialmente de la base de Hell en el estado norteamericano de Yota, y llegaron a la base alemana de Spangdahilm el 16 de febrero para reforzar el ala oriental de la Alianza Atl\u00e1ntica.<\/p>\n<p style=\"text-align: justify;\">Esas evoluciones vienen a la sombra de la continua instigaci\u00f3n occidental contra Rusia a ra\u00edz de la operaci\u00f3n militar especial en Donbas anunciada en la madrugada del jueves por el presidente ruso Vladimir Putin.<\/p>\n<p style=\"text-align: justify;\"><strong><em>rsh\/sm<\/em><\/strong><\/p>\n","protected":false},"excerpt":{"rendered":"<p>Bruselas, 24 feb (SANA)\u00a0 \u00a0El Ministerio de Defensa de Lituania anunci\u00f3 la llegada de aviones de combate estadounidenses F35 a su territorio. Un comunicado del Ministerio de Defensa lituano anunci\u00f3 la llegada de aviones F35 a la base militar Siauliay donde se posicionan tropas de EEUU, se\u00f1alando que el arribo de los aviones vino a &hellip;<\/p>\n","protected":false},"author":39,"featured_media":220051,"comment_status":"closed","ping_status":"closed","sticky":false,"template":"","format":"standard","meta":{"footnotes":""},"categories":[447,597,456,457],"tags":[],"class_list":["post-220050","post","type-post","status-publish","format-standard","has-post-thumbnail","","category-local-politica","category-cinta-de-noticias","category-arabe-internacional-politica","category-noticias-arabe-internacional-politica"],"_links":{"self":[{"href":"https:\/\/archive.sana.sy\/es\/index.php?rest_route=\/wp\/v2\/posts\/220050"}],"collection":[{"href":"https:\/\/archive.sana.sy\/es\/index.php?rest_route=\/wp\/v2\/posts"}],"about":[{"href":"https:\/\/archive.sana.sy\/es\/index.php?rest_route=\/wp\/v2\/types\/post"}],"author":[{"embeddable":true,"href":"https:\/\/archive.sana.sy\/es\/index.php?rest_route=\/wp\/v2\/users\/39"}],"replies":[{"embeddable":true,"href":"https:\/\/archive.sana.sy\/es\/index.php?rest_route=%2Fwp%2Fv2%2Fcomments&post=220050"}],"version-history":[{"count":0,"href":"https:\/\/archive.sana.sy\/es\/index.php?rest_route=\/wp\/v2\/posts\/220050\/revisions"}],"wp:featuredmedia":[{"embeddable":true,"href":"https:\/\/archive.sana.sy\/es\/index.php?rest_route=\/wp\/v2\/media\/220051"}],"wp:attachment":[{"href":"https:\/\/archive.sana.sy\/es\/index.php?rest_route=%2Fwp%2Fv2%2Fmedia&parent=220050"}],"wp:term":[{"taxonomy":"category","embeddable":true,"href":"https:\/\/archive.sana.sy\/es\/index.php?rest_route=%2Fwp%2Fv2%2Fcategories&post=220050"},{"taxonomy":"post_tag","embeddable":true,"href":"https:\/\/archive.sana.sy\/es\/index.php?rest_route=%2Fwp%2Fv2%2Ftags&post=220050"}],"curies":[{"name":"wp","href":"https:\/\/api.w.org\/{rel}","templated":true}]}}