{"id":220138,"date":"2022-02-25T18:30:49","date_gmt":"2022-02-25T16:30:49","guid":{"rendered":"http:\/\/107.6.182.27\/es\/?p=220138"},"modified":"2023-05-20T18:39:55","modified_gmt":"2023-05-20T15:39:55","slug":"los-presidentes-al-assad-y-putin-sostienen-conversaciones-via-telefono","status":"publish","type":"post","link":"https:\/\/archive.sana.sy\/es\/?p=220138","title":{"rendered":"Los presidentes al-Assad y Putin sostienen conversaciones v\u00eda telef\u00f3nica sobre situaci\u00f3n en Ucrania"},"content":{"rendered":"<p style=\"text-align: justify;\"><span style=\"color: #800000;\"><strong>Damasco, 25 feb (SANA)\u00a0 <\/strong><\/span>Los presidentes Bashar al-Assad y Vladmnir Putin sostuvieron conversaciones v\u00eda telef\u00f3nica durante las cuales abordaron la situaci\u00f3n en Ucrania y la operaci\u00f3n militar especial que llevan a cabo las fuerzas rusas para proteger a la poblaci\u00f3n civil en la regi\u00f3n de Donbass.<\/p>\n<p style=\"text-align: justify;\"><div class=\"box shadow  \"><div class=\"box-inner-block\"><i class=\"fa tie-shortcode-boxicon\"><\/i>\n\t\t\tAl-Assad: Rusia hoy no s\u00f3lo defiende a s\u00ed misma sino al mundo y a los principios de justicia y humanidad\n\t\t\t<\/div><\/div>\n<p style=\"text-align: justify;\">El presidente al-Assad subray\u00f3 que \u201clo que sucede hoy en d\u00eda es una rectificaci\u00f3n de la historia y una recuperaci\u00f3n del equilibrio que perdi\u00f3 el mundo tras la disoluci\u00f3n de la Uni\u00f3n Sovi\u00e9tica\u201d, y precis\u00f3 que \u201cla histeria occidental pretende mantener la historia en el lugar equivocado a favor del caos que favorece s\u00f3lo a aquellos que act\u00faan fuera de la ley\u201d.<\/p>\n<p style=\"text-align: justify;\">Consider\u00f3 que \u201cRusia hoy no s\u00f3lo defiende a s\u00ed misma sino al mundo y a los principios de justicia y humanidad\u201d.<\/p>\n<p style=\"text-align: justify;\">Seg\u00fan el mandatario, \u201clos pa\u00edses occidentales son responsables del caos y el derramamiento de sangre por sus pol\u00edticas destinadas a dominar a los pueblos\u201d, y denunci\u00f3 que estos pa\u00edses utilizan m\u00e9todos sucios para apoyar a los terroristas en Siria y a los nazis en Ucrania y otras partes del mundo.<\/p>\n<p style=\"text-align: justify;\"><div class=\"box shadow  \"><div class=\"box-inner-block\"><i class=\"fa tie-shortcode-boxicon\"><\/i>\n\t\t\tAl-Assad: los ej\u00e9rcitos sirio y ruso enfrentan el mismo enemigo, y lo que est\u00e1 pasando en Siria es extremismo y en Ucrania es nazismo.\n\t\t\t<\/div><\/div>\n<p style=\"text-align: justify;\">Ratific\u00f3 el apoyo de Siria a la Federaci\u00f3n Rusa y consider\u00f3 que enfrentar la expansi\u00f3n de la OTAN es un derecho de Rusia, ya que esta organizaci\u00f3n se ha convertido en una amenaza global para el mundo y una herramienta para implementar las pol\u00edticas desestabilizadoras e irresponsables de los pa\u00edses occidentales.<\/p>\n<p style=\"text-align: justify;\">Dijo que los ej\u00e9rcitos sirio y ruso enfrentan el mismo enemigo, y aclar\u00f3 que lo que est\u00e1 pasando en Siria es extremismo y en Ucrania es nazismo.<\/p>\n<p style=\"text-align: justify;\">\u201cRusia le dar\u00e1 una lecci\u00f3n al mundo de que los pa\u00edses no son grandes \u00fanicamente por su fuerza militar sino tambi\u00e9n con el respeto a la ley, el alta moral y los principios humanitarios\u201d, opin\u00f3 el presidente sirio.<\/p>\n<p style=\"text-align: justify;\"><div class=\"box shadow  \"><div class=\"box-inner-block\"><i class=\"fa tie-shortcode-boxicon\"><\/i>\n\t\t\tPutin: Los soldados rusos est\u00e1n luchando con valent\u00eda y firmeza y lograr\u00e1n todos los objetivos propuestos\n\t\t\t<\/div><\/div>\n<p style=\"text-align: justify;\">A su vez, el presidente Putin confirm\u00f3 que \u201cla operaci\u00f3n militar especial en Donbass tiene como objetivo restaurar la estabilidad y detener el sufrimiento de los civiles\u201d.<\/p>\n<p style=\"text-align: justify;\">Asegur\u00f3 que \u201cMosc\u00fa siempre opt\u00f3 por las negociaciones y la diplomacia, y la decisi\u00f3n de usar la fuerza fue tomada porque Kiev, apoyada por sus amos occidentales, anunci\u00f3 que no respetar\u00e1 los acuerdos firmados entre los parlamentos de Rusia y Ucrania\u201d.<\/p>\n<p style=\"text-align: justify;\">Los soldados rusos est\u00e1n luchando con valent\u00eda y firmeza y lograr\u00e1n todos los objetivos propuestos, concluy\u00f3 Putin.<\/p>\n<p style=\"text-align: justify;\"><strong><em>sm\/fm<\/em><\/strong><\/p>\n","protected":false},"excerpt":{"rendered":"<p>Damasco, 25 feb (SANA)\u00a0 Los presidentes Bashar al-Assad y Vladmnir Putin sostuvieron conversaciones v\u00eda telef\u00f3nica durante las cuales abordaron la situaci\u00f3n en Ucrania y la operaci\u00f3n militar especial que llevan a cabo las fuerzas rusas para proteger a la poblaci\u00f3n civil en la regi\u00f3n de Donbass. El presidente al-Assad subray\u00f3 que \u201clo que sucede hoy &hellip;<\/p>\n","protected":false},"author":39,"featured_media":220141,"comment_status":"closed","ping_status":"closed","sticky":false,"template":"","format":"standard","meta":{"footnotes":""},"categories":[597,456,16237,467,583],"tags":[],"class_list":["post-220138","post","type-post","status-publish","format-standard","has-post-thumbnail","","category-cinta-de-noticias","category-arabe-internacional-politica","category-presidence-de-la-republique-arabe-syria","category-siria-y-el-mundo","category-slide"],"_links":{"self":[{"href":"https:\/\/archive.sana.sy\/es\/index.php?rest_route=\/wp\/v2\/posts\/220138"}],"collection":[{"href":"https:\/\/archive.sana.sy\/es\/index.php?rest_route=\/wp\/v2\/posts"}],"about":[{"href":"https:\/\/archive.sana.sy\/es\/index.php?rest_route=\/wp\/v2\/types\/post"}],"author":[{"embeddable":true,"href":"https:\/\/archive.sana.sy\/es\/index.php?rest_route=\/wp\/v2\/users\/39"}],"replies":[{"embeddable":true,"href":"https:\/\/archive.sana.sy\/es\/index.php?rest_route=%2Fwp%2Fv2%2Fcomments&post=220138"}],"version-history":[{"count":1,"href":"https:\/\/archive.sana.sy\/es\/index.php?rest_route=\/wp\/v2\/posts\/220138\/revisions"}],"predecessor-version":[{"id":298239,"href":"https:\/\/archive.sana.sy\/es\/index.php?rest_route=\/wp\/v2\/posts\/220138\/revisions\/298239"}],"wp:featuredmedia":[{"embeddable":true,"href":"https:\/\/archive.sana.sy\/es\/index.php?rest_route=\/wp\/v2\/media\/220141"}],"wp:attachment":[{"href":"https:\/\/archive.sana.sy\/es\/index.php?rest_route=%2Fwp%2Fv2%2Fmedia&parent=220138"}],"wp:term":[{"taxonomy":"category","embeddable":true,"href":"https:\/\/archive.sana.sy\/es\/index.php?rest_route=%2Fwp%2Fv2%2Fcategories&post=220138"},{"taxonomy":"post_tag","embeddable":true,"href":"https:\/\/archive.sana.sy\/es\/index.php?rest_route=%2Fwp%2Fv2%2Ftags&post=220138"}],"curies":[{"name":"wp","href":"https:\/\/api.w.org\/{rel}","templated":true}]}}