{"id":220202,"date":"2022-02-25T18:18:07","date_gmt":"2022-02-25T16:18:07","guid":{"rendered":"http:\/\/107.6.182.27\/es\/?p=220202"},"modified":"2022-02-25T20:09:50","modified_gmt":"2022-02-25T18:09:50","slug":"sabbagh-el-pueblo-sirio-sufre-a-consecuencia-de-las-practicas-de-los-paises-occidentales","status":"publish","type":"post","link":"https:\/\/archive.sana.sy\/es\/?p=220202","title":{"rendered":"Sabbagh: el pueblo sirio sufre a consecuencia de las pr\u00e1cticas de los pa\u00edses occidentales"},"content":{"rendered":"<p style=\"text-align: justify;\"><strong><span style=\"color: #800000;\">Nueva York, 25 feb (SANA)<\/span><\/strong>\u00a0 \u00a0El delegado permanente de Siria ante las Naciones Unidas, Bassam Sabbagh, afirm\u00f3 que el sufrimiento del pueblo sirio contin\u00faa a consecuencia de las pr\u00e1cticas de los pa\u00edses occidentales.<\/p>\n<p style=\"text-align: justify;\">\u201cEstos pa\u00edses implementan sus agendas a costa de la vida de los sirios, y la seguridad y estabilidad de la regi\u00f3n\u201d, afirm\u00f3 el diplom\u00e1tico durante una sesi\u00f3n del Consejo de Seguridad.<\/p>\n<p style=\"text-align: justify;\">Asegur\u00f3 que no hay progreso en la implementaci\u00f3n de proyectos de recuperaci\u00f3n temprana en Siria por falta de voluntad pol\u00edtica de algunos pa\u00edses occidentales en la implementaci\u00f3n de la Resoluci\u00f3n No. 2585 del Consejo de Seguridad.<\/p>\n<p style=\"text-align: justify;\">Dijo, adem\u00e1s, que mejorar la situaci\u00f3n humanitaria en Siria requiere levantar las medidas coercitivas, poner fin a la ocupaci\u00f3n extranjera y apoyar los esfuerzos estatales para lograr el desarrollo sostenible y brindar servicios b\u00e1sicos.<\/p>\n<p style=\"text-align: justify;\">Seg\u00fan el delegado sirio, el Gobierno est\u00e1 haciendo todo lo posible para mejorar la situaci\u00f3n humanitaria, recuperar los servicios b\u00e1sicos, reconstruir lo destruido por el terrorismo, devolver Siria al camino del desarrollo sostenible y garantizar el retorno de los desplazados a sus hogares.<\/p>\n<p style=\"text-align: justify;\">\u201cEstos esfuerzos chocan con obst\u00e1culos generados por las pol\u00edticas equivocadas y violaciones flagrantes del derecho internacional y de la Carta de las Naciones Unidas por parte de los pa\u00edses occidentales, en particular la imposici\u00f3n de medidas coercitivas unilaterales\u201d, aclar\u00f3.<\/p>\n<p style=\"text-align: justify;\">Explic\u00f3 que Siria ten\u00eda autosuficiencia en muchos productos agr\u00edcolas, mientras hoy se ve obligada a importar cantidades de estos productos, por ejemplo, su producci\u00f3n anual de trigo antes de la guerra era de unos dos millones y medio de toneladas, pero hoy necesita importar un mill\u00f3n y medio de toneladas de trigo anualmente para proveer pan a los ciudadanos, y la raz\u00f3n es que las fuerzas de ocupaci\u00f3n estadounidenses y sus milicias separatistas en el noreste del pa\u00eds se apoderan y saquean la producci\u00f3n de trigo sirio.<\/p>\n<p style=\"text-align: justify;\">Agreg\u00f3 en este sentido que Siria, antes de la crisis, generaba 9.500 megavatios de energ\u00eda el\u00e9ctrica, pero hoy su producci\u00f3n no supera los 2.600 megavatios, y este d\u00e9ficit de generaci\u00f3n de energ\u00eda, es causado por el saqueo de las fuerzas de ocupaci\u00f3n estadounidenses y sus mercenarios de los campos de petr\u00f3leo y gas.<\/p>\n<p style=\"text-align: justify;\">Sabbagh dijo tambi\u00e9n que las medidas coercitivas unilaterales impuestas ilegalmente por Estados Unidos y la Uni\u00f3n Europea al pueblo sirio afectaron diversos sectores, entre ellos el bancario, el energ\u00e9tico, el de comunicaciones, el transporte a\u00e9reo, mar\u00edtimo y terrestre, lo que exacerb\u00f3 el sufrimiento de los sirios y disminuy\u00f3 los indicadores de desarrollo sostenible despu\u00e9s de presenciar progreso notable antes de 2011.<\/p>\n<p style=\"text-align: justify;\">\u201cSiria ratifica su compromiso con una soluci\u00f3n pol\u00edtica resultante de un di\u00e1logo nacional entre los sirios y que toma en cuenta el pleno compromiso con su soberan\u00eda, independencia, unidad e integridad territorial\u201d, afirm\u00f3 el represente sirio en la ONU.<\/p>\n<p style=\"text-align: justify;\">fm\/rr<\/p>\n","protected":false},"excerpt":{"rendered":"<p>Nueva York, 25 feb (SANA)\u00a0 \u00a0El delegado permanente de Siria ante las Naciones Unidas, Bassam Sabbagh, afirm\u00f3 que el sufrimiento del pueblo sirio contin\u00faa a consecuencia de las pr\u00e1cticas de los pa\u00edses occidentales. \u201cEstos pa\u00edses implementan sus agendas a costa de la vida de los sirios, y la seguridad y estabilidad de la regi\u00f3n\u201d, afirm\u00f3 &hellip;<\/p>\n","protected":false},"author":31,"featured_media":220203,"comment_status":"closed","ping_status":"closed","sticky":false,"template":"","format":"standard","meta":{"footnotes":""},"categories":[597,467,583],"tags":[],"class_list":["post-220202","post","type-post","status-publish","format-standard","has-post-thumbnail","","category-cinta-de-noticias","category-siria-y-el-mundo","category-slide"],"_links":{"self":[{"href":"https:\/\/archive.sana.sy\/es\/index.php?rest_route=\/wp\/v2\/posts\/220202"}],"collection":[{"href":"https:\/\/archive.sana.sy\/es\/index.php?rest_route=\/wp\/v2\/posts"}],"about":[{"href":"https:\/\/archive.sana.sy\/es\/index.php?rest_route=\/wp\/v2\/types\/post"}],"author":[{"embeddable":true,"href":"https:\/\/archive.sana.sy\/es\/index.php?rest_route=\/wp\/v2\/users\/31"}],"replies":[{"embeddable":true,"href":"https:\/\/archive.sana.sy\/es\/index.php?rest_route=%2Fwp%2Fv2%2Fcomments&post=220202"}],"version-history":[{"count":0,"href":"https:\/\/archive.sana.sy\/es\/index.php?rest_route=\/wp\/v2\/posts\/220202\/revisions"}],"wp:featuredmedia":[{"embeddable":true,"href":"https:\/\/archive.sana.sy\/es\/index.php?rest_route=\/wp\/v2\/media\/220203"}],"wp:attachment":[{"href":"https:\/\/archive.sana.sy\/es\/index.php?rest_route=%2Fwp%2Fv2%2Fmedia&parent=220202"}],"wp:term":[{"taxonomy":"category","embeddable":true,"href":"https:\/\/archive.sana.sy\/es\/index.php?rest_route=%2Fwp%2Fv2%2Fcategories&post=220202"},{"taxonomy":"post_tag","embeddable":true,"href":"https:\/\/archive.sana.sy\/es\/index.php?rest_route=%2Fwp%2Fv2%2Ftags&post=220202"}],"curies":[{"name":"wp","href":"https:\/\/api.w.org\/{rel}","templated":true}]}}