{"id":220209,"date":"2022-02-25T19:15:59","date_gmt":"2022-02-25T17:15:59","guid":{"rendered":"http:\/\/107.6.182.27\/es\/?p=220209"},"modified":"2023-01-10T16:38:29","modified_gmt":"2023-01-10T14:38:29","slug":"ejercito-ruso-destruyo-211-instalaciones-militares-del-ejercito-ucraniano","status":"publish","type":"post","link":"https:\/\/archive.sana.sy\/es\/?p=220209","title":{"rendered":"Ej\u00e9rcito ruso destruy\u00f3 211 instalaciones militares del ej\u00e9rcito ucraniano"},"content":{"rendered":"<p style=\"text-align: justify;\"><span style=\"color: #800000;\"><strong>Mosc\u00fa, 25 feb (SANA)<\/strong><\/span>\u00a0 \u00a0El Ministerio de Defensa de Rusia anunci\u00f3 hoy que las fuerzas rusas destruyeron durante sus operativos 211 instalaciones militares del ej\u00e9rcito ucraniano.<\/p>\n<p style=\"text-align: justify;\">Fueron derribados seis cazas, un helic\u00f3ptero y cinco aviones no tripulados, precis\u00f3.<\/p>\n<p style=\"text-align: justify;\">Inform\u00f3 tambi\u00e9n que en los combates, se confisc\u00f3 gran cantidad de armas suministradas por los pa\u00edses occidentales a Ucrania.<\/p>\n<p style=\"text-align: justify;\">fm\/rr<\/p>\n","protected":false},"excerpt":{"rendered":"<p>Mosc\u00fa, 25 feb (SANA)\u00a0 \u00a0El Ministerio de Defensa de Rusia anunci\u00f3 hoy que las fuerzas rusas destruyeron durante sus operativos 211 instalaciones militares del ej\u00e9rcito ucraniano. Fueron derribados seis cazas, un helic\u00f3ptero y cinco aviones no tripulados, precis\u00f3. Inform\u00f3 tambi\u00e9n que en los combates, se confisc\u00f3 gran cantidad de armas suministradas por los pa\u00edses occidentales &hellip;<\/p>\n","protected":false},"author":31,"featured_media":220210,"comment_status":"closed","ping_status":"closed","sticky":false,"template":"","format":"standard","meta":{"footnotes":""},"categories":[597,456,7541],"tags":[],"class_list":["post-220209","post","type-post","status-publish","format-standard","has-post-thumbnail","","category-cinta-de-noticias","category-arabe-internacional-politica","category-ultimas-noticias"],"_links":{"self":[{"href":"https:\/\/archive.sana.sy\/es\/index.php?rest_route=\/wp\/v2\/posts\/220209"}],"collection":[{"href":"https:\/\/archive.sana.sy\/es\/index.php?rest_route=\/wp\/v2\/posts"}],"about":[{"href":"https:\/\/archive.sana.sy\/es\/index.php?rest_route=\/wp\/v2\/types\/post"}],"author":[{"embeddable":true,"href":"https:\/\/archive.sana.sy\/es\/index.php?rest_route=\/wp\/v2\/users\/31"}],"replies":[{"embeddable":true,"href":"https:\/\/archive.sana.sy\/es\/index.php?rest_route=%2Fwp%2Fv2%2Fcomments&post=220209"}],"version-history":[{"count":0,"href":"https:\/\/archive.sana.sy\/es\/index.php?rest_route=\/wp\/v2\/posts\/220209\/revisions"}],"wp:featuredmedia":[{"embeddable":true,"href":"https:\/\/archive.sana.sy\/es\/index.php?rest_route=\/wp\/v2\/media\/220210"}],"wp:attachment":[{"href":"https:\/\/archive.sana.sy\/es\/index.php?rest_route=%2Fwp%2Fv2%2Fmedia&parent=220209"}],"wp:term":[{"taxonomy":"category","embeddable":true,"href":"https:\/\/archive.sana.sy\/es\/index.php?rest_route=%2Fwp%2Fv2%2Fcategories&post=220209"},{"taxonomy":"post_tag","embeddable":true,"href":"https:\/\/archive.sana.sy\/es\/index.php?rest_route=%2Fwp%2Fv2%2Ftags&post=220209"}],"curies":[{"name":"wp","href":"https:\/\/api.w.org\/{rel}","templated":true}]}}