{"id":220270,"date":"2022-02-26T09:08:55","date_gmt":"2022-02-26T07:08:55","guid":{"rendered":"http:\/\/107.6.182.27\/es\/?p=220270"},"modified":"2023-01-10T16:38:28","modified_gmt":"2023-01-10T14:38:28","slug":"iran-presencia-ilegal-de-fuerzas-extranjeras-en-siria-proporciona-condiciones-apropiadas-para-actividades-terroristas","status":"publish","type":"post","link":"https:\/\/archive.sana.sy\/es\/?p=220270","title":{"rendered":"Ir\u00e1n: presencia ilegal de fuerzas extranjeras en Siria proporciona condiciones apropiadas para actividades terroristas"},"content":{"rendered":"<p style=\"text-align: justify;\"><strong><span style=\"color: #800000;\">Nueva York, 26 feb (SANA)\u00a0<\/span><\/strong> El representante permanente de Ir\u00e1n ante las Naciones Unidas, Majid Takht Ravanchi, reiter\u00f3 la firme e invariable postura de su pa\u00eds de apoyar la unidad y la soberan\u00eda de los territorios sirios, y subray\u00f3 que la presencia ilegal de fuerzas extranjeras proporciona condiciones propicia para las actividades terroristas.<\/p>\n<p style=\"text-align: justify;\">En una reuni\u00f3n del Consejo de Seguridad de la ONU, Takht Ravanchi afirm\u00f3 que &#8220;la presencia ilegal de fuerzas extranjeras en \u00e1reas de Siria proporcion\u00f3 las condiciones apropiadas para las actividades terroristas, y esta presencia debe terminar de inmediato&#8221;.<\/p>\n<p style=\"text-align: justify;\">&#8220;Trasladar terroristas a otros pa\u00edses pone en peligro la seguridad y la paz regional e internacional&#8221;, indic\u00f3 el delegado.<\/p>\n<p style=\"text-align: justify;\">Asimismo, conden\u00f3 el saqueo de las riquezas naturales de Sira por parte de las fuerzas extranjeras presentes de manera ilegal en partes del territorio sirio, y pidi\u00f3 la abolici\u00f3n inmediata de las medidas coercitivas unilaterales que se le imponen.<\/p>\n<p style=\"text-align: justify;\">Takht Ravanchi enfatiz\u00f3 que los continuos ataques israel\u00edes contra Siria son una violaci\u00f3n de las leyes internacionales de derechos humanos, y pidi\u00f3 al Consejo de Seguridad que tome medidas para que Israel rinda cuentas por estos actos agresivos.<\/p>\n<p style=\"text-align: justify;\"><em>fm\/ws<\/em><\/p>\n","protected":false},"excerpt":{"rendered":"<p>Nueva York, 26 feb (SANA)\u00a0 El representante permanente de Ir\u00e1n ante las Naciones Unidas, Majid Takht Ravanchi, reiter\u00f3 la firme e invariable postura de su pa\u00eds de apoyar la unidad y la soberan\u00eda de los territorios sirios, y subray\u00f3 que la presencia ilegal de fuerzas extranjeras proporciona condiciones propicia para las actividades terroristas. En una &hellip;<\/p>\n","protected":false},"author":35,"featured_media":220271,"comment_status":"closed","ping_status":"closed","sticky":false,"template":"","format":"standard","meta":{"footnotes":""},"categories":[447,597,456,467,7541],"tags":[],"class_list":["post-220270","post","type-post","status-publish","format-standard","has-post-thumbnail","","category-local-politica","category-cinta-de-noticias","category-arabe-internacional-politica","category-siria-y-el-mundo","category-ultimas-noticias"],"_links":{"self":[{"href":"https:\/\/archive.sana.sy\/es\/index.php?rest_route=\/wp\/v2\/posts\/220270"}],"collection":[{"href":"https:\/\/archive.sana.sy\/es\/index.php?rest_route=\/wp\/v2\/posts"}],"about":[{"href":"https:\/\/archive.sana.sy\/es\/index.php?rest_route=\/wp\/v2\/types\/post"}],"author":[{"embeddable":true,"href":"https:\/\/archive.sana.sy\/es\/index.php?rest_route=\/wp\/v2\/users\/35"}],"replies":[{"embeddable":true,"href":"https:\/\/archive.sana.sy\/es\/index.php?rest_route=%2Fwp%2Fv2%2Fcomments&post=220270"}],"version-history":[{"count":0,"href":"https:\/\/archive.sana.sy\/es\/index.php?rest_route=\/wp\/v2\/posts\/220270\/revisions"}],"wp:featuredmedia":[{"embeddable":true,"href":"https:\/\/archive.sana.sy\/es\/index.php?rest_route=\/wp\/v2\/media\/220271"}],"wp:attachment":[{"href":"https:\/\/archive.sana.sy\/es\/index.php?rest_route=%2Fwp%2Fv2%2Fmedia&parent=220270"}],"wp:term":[{"taxonomy":"category","embeddable":true,"href":"https:\/\/archive.sana.sy\/es\/index.php?rest_route=%2Fwp%2Fv2%2Fcategories&post=220270"},{"taxonomy":"post_tag","embeddable":true,"href":"https:\/\/archive.sana.sy\/es\/index.php?rest_route=%2Fwp%2Fv2%2Ftags&post=220270"}],"curies":[{"name":"wp","href":"https:\/\/api.w.org\/{rel}","templated":true}]}}