{"id":220314,"date":"2022-02-26T15:10:25","date_gmt":"2022-02-26T13:10:25","guid":{"rendered":"http:\/\/107.6.182.27\/es\/?p=220314"},"modified":"2023-01-10T16:38:28","modified_gmt":"2023-01-10T14:38:28","slug":"minuto-a-minuto-tercer-dia-de-la-operacion-militar-rusa-en-donbas","status":"publish","type":"post","link":"https:\/\/archive.sana.sy\/es\/?p=220314","title":{"rendered":"Minuto a Minuto\u2026. Tercer d\u00eda de la operaci\u00f3n militar rusa en Donb\u00e1s"},"content":{"rendered":"<p style=\"text-align: justify;\"><strong><span style=\"color: #800000;\">Damasco, 26 feb (SANA)\u00a0<\/span><\/strong><\/p>\n<p style=\"text-align: justify;\">???????? Putin orden\u00f3 la v\u00edspera detener la operaci\u00f3n militar en Ucrania con la espera de iniciar conversaciones con Kiev, pero tras la negativa de esta \u00faltima, las operaciones se reanudaron.<\/p>\n<p style=\"text-align: justify;\">???????? Rusia veta proyecto de resoluci\u00f3n que condena operaci\u00f3n militar en Ucrania.<\/p>\n<p style=\"text-align: justify;\">???????? Defensa ruso: ultranacionalistas ucranianos atacaron con misiles Grad viviendas en la ciudad de Starobilsk lo que caus\u00f3 p\u00e9rdidas materiales y bajas humanas.<\/p>\n<p style=\"text-align: justify;\">???????? Comandante de la Flota del Mar Negro: M\u00e1s de 80 militares ucranianos fueron trasladados a Sebastopol en Crimea tras deponer sus armas.<\/p>\n<p>???????? Tropas de Donetsk avanzan desde varias frentes y derriban dos misiles ucranianos.<\/p>\n<p>???????? Aclaran el \u201cfake news\u201d sobre un \u201cmisil ruso\u201d que destruy\u00f3 un edificio residencial en Kiev.<\/p>\n<p style=\"text-align: justify;\">???????? Ministerio de Defensa de Rusia anunci\u00f3 que, desde el inicio de la operaci\u00f3n militar especial en Ucrania, se logr\u00f3:<\/p>\n<p style=\"text-align: justify;\">???? Neutralizar 821 instalaciones militares del ej\u00e9rcito ucraniano.<\/p>\n<p style=\"text-align: justify;\">???? Derribar 7 cazas y 7 helic\u00f3pteros.<\/p>\n<p style=\"text-align: justify;\">???? Neutralizar 821 instalaciones militares del ej\u00e9rcito ucraniano.<\/p>\n<p style=\"text-align: justify;\">???? Derribar 9 aviones no tripulados.<\/p>\n<p>???? Destrucci\u00f3n de 6 barcos de guerra ucranianos que intentaron atacar embarcaciones rusas en el Mar Negro.<\/p>\n<p style=\"text-align: justify;\">sm\/fm<\/p>\n","protected":false},"excerpt":{"rendered":"<p>Damasco, 26 feb (SANA)\u00a0 ???????? Putin orden\u00f3 la v\u00edspera detener la operaci\u00f3n militar en Ucrania con la espera de iniciar conversaciones con Kiev, pero tras la negativa de esta \u00faltima, las operaciones se reanudaron. ???????? Rusia veta proyecto de resoluci\u00f3n que condena operaci\u00f3n militar en Ucrania. ???????? Defensa ruso: ultranacionalistas ucranianos atacaron con misiles Grad &hellip;<\/p>\n","protected":false},"author":39,"featured_media":220319,"comment_status":"closed","ping_status":"closed","sticky":false,"template":"","format":"standard","meta":{"footnotes":""},"categories":[597,456,583],"tags":[],"class_list":["post-220314","post","type-post","status-publish","format-standard","has-post-thumbnail","","category-cinta-de-noticias","category-arabe-internacional-politica","category-slide"],"_links":{"self":[{"href":"https:\/\/archive.sana.sy\/es\/index.php?rest_route=\/wp\/v2\/posts\/220314"}],"collection":[{"href":"https:\/\/archive.sana.sy\/es\/index.php?rest_route=\/wp\/v2\/posts"}],"about":[{"href":"https:\/\/archive.sana.sy\/es\/index.php?rest_route=\/wp\/v2\/types\/post"}],"author":[{"embeddable":true,"href":"https:\/\/archive.sana.sy\/es\/index.php?rest_route=\/wp\/v2\/users\/39"}],"replies":[{"embeddable":true,"href":"https:\/\/archive.sana.sy\/es\/index.php?rest_route=%2Fwp%2Fv2%2Fcomments&post=220314"}],"version-history":[{"count":0,"href":"https:\/\/archive.sana.sy\/es\/index.php?rest_route=\/wp\/v2\/posts\/220314\/revisions"}],"wp:featuredmedia":[{"embeddable":true,"href":"https:\/\/archive.sana.sy\/es\/index.php?rest_route=\/wp\/v2\/media\/220319"}],"wp:attachment":[{"href":"https:\/\/archive.sana.sy\/es\/index.php?rest_route=%2Fwp%2Fv2%2Fmedia&parent=220314"}],"wp:term":[{"taxonomy":"category","embeddable":true,"href":"https:\/\/archive.sana.sy\/es\/index.php?rest_route=%2Fwp%2Fv2%2Fcategories&post=220314"},{"taxonomy":"post_tag","embeddable":true,"href":"https:\/\/archive.sana.sy\/es\/index.php?rest_route=%2Fwp%2Fv2%2Ftags&post=220314"}],"curies":[{"name":"wp","href":"https:\/\/api.w.org\/{rel}","templated":true}]}}