{"id":220320,"date":"2022-02-26T15:25:53","date_gmt":"2022-02-26T13:25:53","guid":{"rendered":"http:\/\/107.6.182.27\/es\/?p=220320"},"modified":"2023-01-10T16:38:28","modified_gmt":"2023-01-10T14:38:28","slug":"aclaran-el-fake-news-sobre-un-misil-ruso-que-destruyo-un-edificio-residencial-en-kiev","status":"publish","type":"post","link":"https:\/\/archive.sana.sy\/es\/?p=220320","title":{"rendered":"Aclaran el \u201cfake news\u201d sobre un \u201cmisil ruso\u201d que destruy\u00f3 un edificio residencial en Kiev"},"content":{"rendered":"<p style=\"text-align: justify;\"><strong><span style=\"color: #800000;\">Mosc\u00fa, 26 feb (SANA)\u00a0 \u00a0<\/span><\/strong>El Ministerio de Defensa de Rusia refut\u00f3 hoy las informaciones e im\u00e1genes circuladas en las redes sociales y los medios de prensa sobre un edificio residencial de varios pisos supuestamente destruido por misil ruso y dijo que en realidad, era un misil ucraniano.<\/p>\n<p style=\"text-align: justify;\">&#8220;Es obvio que durante el intento por repeler un ataque nocturno contra las instalaciones de la infraestructura militar de las Fuerzas Armadas de Ucrania, hubo una falla en el sistema de gu\u00eda de un misil del sistema de defensa antia\u00e9reo ucraniano de mediano alcance Buk-M1 y el misil golpe\u00f3 un edificio&#8221;, inform\u00f3 una fuente del Ministerio citada por la agencia Sputnik.<\/p>\n<p style=\"text-align: justify;\">fm\/sm<\/p>\n","protected":false},"excerpt":{"rendered":"<p>Mosc\u00fa, 26 feb (SANA)\u00a0 \u00a0El Ministerio de Defensa de Rusia refut\u00f3 hoy las informaciones e im\u00e1genes circuladas en las redes sociales y los medios de prensa sobre un edificio residencial de varios pisos supuestamente destruido por misil ruso y dijo que en realidad, era un misil ucraniano. &#8220;Es obvio que durante el intento por repeler &hellip;<\/p>\n","protected":false},"author":39,"featured_media":220321,"comment_status":"closed","ping_status":"closed","sticky":false,"template":"","format":"standard","meta":{"footnotes":""},"categories":[597,456,7541],"tags":[],"class_list":["post-220320","post","type-post","status-publish","format-standard","has-post-thumbnail","","category-cinta-de-noticias","category-arabe-internacional-politica","category-ultimas-noticias"],"_links":{"self":[{"href":"https:\/\/archive.sana.sy\/es\/index.php?rest_route=\/wp\/v2\/posts\/220320"}],"collection":[{"href":"https:\/\/archive.sana.sy\/es\/index.php?rest_route=\/wp\/v2\/posts"}],"about":[{"href":"https:\/\/archive.sana.sy\/es\/index.php?rest_route=\/wp\/v2\/types\/post"}],"author":[{"embeddable":true,"href":"https:\/\/archive.sana.sy\/es\/index.php?rest_route=\/wp\/v2\/users\/39"}],"replies":[{"embeddable":true,"href":"https:\/\/archive.sana.sy\/es\/index.php?rest_route=%2Fwp%2Fv2%2Fcomments&post=220320"}],"version-history":[{"count":0,"href":"https:\/\/archive.sana.sy\/es\/index.php?rest_route=\/wp\/v2\/posts\/220320\/revisions"}],"wp:featuredmedia":[{"embeddable":true,"href":"https:\/\/archive.sana.sy\/es\/index.php?rest_route=\/wp\/v2\/media\/220321"}],"wp:attachment":[{"href":"https:\/\/archive.sana.sy\/es\/index.php?rest_route=%2Fwp%2Fv2%2Fmedia&parent=220320"}],"wp:term":[{"taxonomy":"category","embeddable":true,"href":"https:\/\/archive.sana.sy\/es\/index.php?rest_route=%2Fwp%2Fv2%2Fcategories&post=220320"},{"taxonomy":"post_tag","embeddable":true,"href":"https:\/\/archive.sana.sy\/es\/index.php?rest_route=%2Fwp%2Fv2%2Ftags&post=220320"}],"curies":[{"name":"wp","href":"https:\/\/api.w.org\/{rel}","templated":true}]}}