{"id":220324,"date":"2022-02-26T15:36:40","date_gmt":"2022-02-26T13:36:40","guid":{"rendered":"http:\/\/107.6.182.27\/es\/?p=220324"},"modified":"2023-01-10T14:20:02","modified_gmt":"2023-01-10T12:20:02","slug":"ceremonia-de-graduacion-de-360-estudiantes-de-la-universidad-virtual-siria","status":"publish","type":"post","link":"https:\/\/archive.sana.sy\/es\/?p=220324","title":{"rendered":"Ceremonia de graduaci\u00f3n de 360 estudiantes de la Universidad Virtual Siria"},"content":{"rendered":"<p style=\"text-align: justify;\"><strong><span style=\"color: #800000;\">Damasco, 26 feb (SANA)\u00a0 \u00a0<\/span><\/strong>La Universidad Virtual de Siria celebr\u00f3 una ceremonia de graduaci\u00f3n de 360 estudiantes en Dar al-Assad para la Cultura y las Artes, en la ciudad de Damasco.<\/p>\n<p><img loading=\"lazy\" decoding=\"async\" class=\"wp-image-220326 size-medium alignright\" src=\"http:\/\/107.6.182.27\/es\/wp-content\/uploads\/2022\/02\/30-19-300x156.jpg\" alt=\"\" width=\"300\" height=\"156\" srcset=\"https:\/\/archive.sana.sy\/es\/wp-content\/uploads\/2022\/02\/30-19-300x156.jpg 300w, https:\/\/archive.sana.sy\/es\/wp-content\/uploads\/2022\/02\/30-19-150x78.jpg 150w, https:\/\/archive.sana.sy\/es\/wp-content\/uploads\/2022\/02\/30-19.jpg 660w\" sizes=\"(max-width: 300px) 100vw, 300px\" \/><\/p>\n<p style=\"text-align: justify;\">La ceremonia incluy\u00f3 la condecoraci\u00f3n de los estudiantes m\u00e1s destacados, adem\u00e1s de espect\u00e1culos art\u00edsticos.<\/p>\n<p style=\"text-align: justify;\">El Ministro de Educaci\u00f3n Superior e Investigaci\u00f3n Cient\u00edfica, Bassam Ibrahim, aclar\u00f3 que la Universidad ofrece una imagen moderna del sistema de educaci\u00f3n superior en Siria.<\/p>\n<p style=\"text-align: justify;\">Agreg\u00f3 que la guerra y la Covid-19 demostraron que la educaci\u00f3n virtual es un modelo b\u00e1sico de educaci\u00f3n, y que la Universidad Virtual es un sustituto muy importante de las universidades tradicionales.<\/p>\n<p style=\"text-align: justify;\">La Universidad Virtual es una instituci\u00f3n p\u00fablica que se cre\u00f3 en 2002 y se imparte en la misma especialidades de Inform\u00e1tica, Periodismo, Tecnolog\u00eda de la Informaci\u00f3n y las Telecomunicaciones, Derecho y Econom\u00eda.<\/p>\n<p style=\"text-align: justify;\">fm\/sm<\/p>\n","protected":false},"excerpt":{"rendered":"<p>Damasco, 26 feb (SANA)\u00a0 \u00a0La Universidad Virtual de Siria celebr\u00f3 una ceremonia de graduaci\u00f3n de 360 estudiantes en Dar al-Assad para la Cultura y las Artes, en la ciudad de Damasco. La ceremonia incluy\u00f3 la condecoraci\u00f3n de los estudiantes m\u00e1s destacados, adem\u00e1s de espect\u00e1culos art\u00edsticos. El Ministro de Educaci\u00f3n Superior e Investigaci\u00f3n Cient\u00edfica, Bassam Ibrahim, &hellip;<\/p>\n","protected":false},"author":39,"featured_media":220325,"comment_status":"closed","ping_status":"closed","sticky":false,"template":"","format":"standard","meta":{"footnotes":""},"categories":[447,477,597,573,476,457,7541],"tags":[],"class_list":["post-220324","post","type-post","status-publish","format-standard","has-post-thumbnail","","category-local-politica","category-noticias-edulcorantes","category-cinta-de-noticias","category-la-realidad-de-los-acontecimientos-en-siria","category-locales","category-noticias-arabe-internacional-politica","category-ultimas-noticias"],"_links":{"self":[{"href":"https:\/\/archive.sana.sy\/es\/index.php?rest_route=\/wp\/v2\/posts\/220324"}],"collection":[{"href":"https:\/\/archive.sana.sy\/es\/index.php?rest_route=\/wp\/v2\/posts"}],"about":[{"href":"https:\/\/archive.sana.sy\/es\/index.php?rest_route=\/wp\/v2\/types\/post"}],"author":[{"embeddable":true,"href":"https:\/\/archive.sana.sy\/es\/index.php?rest_route=\/wp\/v2\/users\/39"}],"replies":[{"embeddable":true,"href":"https:\/\/archive.sana.sy\/es\/index.php?rest_route=%2Fwp%2Fv2%2Fcomments&post=220324"}],"version-history":[{"count":0,"href":"https:\/\/archive.sana.sy\/es\/index.php?rest_route=\/wp\/v2\/posts\/220324\/revisions"}],"wp:featuredmedia":[{"embeddable":true,"href":"https:\/\/archive.sana.sy\/es\/index.php?rest_route=\/wp\/v2\/media\/220325"}],"wp:attachment":[{"href":"https:\/\/archive.sana.sy\/es\/index.php?rest_route=%2Fwp%2Fv2%2Fmedia&parent=220324"}],"wp:term":[{"taxonomy":"category","embeddable":true,"href":"https:\/\/archive.sana.sy\/es\/index.php?rest_route=%2Fwp%2Fv2%2Fcategories&post=220324"},{"taxonomy":"post_tag","embeddable":true,"href":"https:\/\/archive.sana.sy\/es\/index.php?rest_route=%2Fwp%2Fv2%2Ftags&post=220324"}],"curies":[{"name":"wp","href":"https:\/\/api.w.org\/{rel}","templated":true}]}}