{"id":220350,"date":"2022-02-26T17:29:53","date_gmt":"2022-02-26T15:29:53","guid":{"rendered":"http:\/\/107.6.182.27\/es\/?p=220350"},"modified":"2023-01-10T15:23:25","modified_gmt":"2023-01-10T13:23:25","slug":"tromba-marina-dana-a-12-invernaderos-en-tartus-siria","status":"publish","type":"post","link":"https:\/\/archive.sana.sy\/es\/?p=220350","title":{"rendered":"Tromba marina da\u00f1a a 12 invernaderos en Tartus\/Siria"},"content":{"rendered":"<p style=\"text-align: justify;\"><strong><span style=\"color: #800000;\">Tartous, 26 feb (SANA)\u00a0 \u00a0<\/span><\/strong>La tromba marina que golpe\u00f3 la localidad de Ain Rarqa en la provincia costera siria de Tartus, provoc\u00f3 da\u00f1os materiales en los cultivos en la zona que oscilaron de 60 a 100%.<\/p>\n<p style=\"text-align: justify;\"><img loading=\"lazy\" decoding=\"async\" class=\"wp-image-220352 size-medium alignright\" src=\"http:\/\/107.6.182.27\/es\/wp-content\/uploads\/2022\/02\/\u0637\u0631\u0637\u0648\u06331-234-300x192.jpg\" alt=\"\" width=\"300\" height=\"192\" srcset=\"https:\/\/archive.sana.sy\/es\/wp-content\/uploads\/2022\/02\/\u0637\u0631\u0637\u0648\u06331-234-300x192.jpg 300w, https:\/\/archive.sana.sy\/es\/wp-content\/uploads\/2022\/02\/\u0637\u0631\u0637\u0648\u06331-234-150x96.jpg 150w, https:\/\/archive.sana.sy\/es\/wp-content\/uploads\/2022\/02\/\u0637\u0631\u0637\u0648\u06331-234.jpg 660w\" sizes=\"(max-width: 300px) 100vw, 300px\" \/><\/p>\n<p style=\"text-align: justify;\">El fen\u00f3meno atmosf\u00e9rico da\u00f1\u00f3 12 invernaderos sembrados de berenjena, pimiento y tomate, inform\u00f3 el Departamento de Agricultura de Tartus en una declaraci\u00f3n a SANA.<\/p>\n<p style=\"text-align: justify;\">Dijo que compensar\u00e1 a los agricultores afectados por las trombas marina y por las heladas en las provincia de Latakia y Tartus por un valor de 230 millones de libras sirias.<\/p>\n<p style=\"text-align: justify;\">fm\/sm<\/p>\n","protected":false},"excerpt":{"rendered":"<p>Tartous, 26 feb (SANA)\u00a0 \u00a0La tromba marina que golpe\u00f3 la localidad de Ain Rarqa en la provincia costera siria de Tartus, provoc\u00f3 da\u00f1os materiales en los cultivos en la zona que oscilaron de 60 a 100%. El fen\u00f3meno atmosf\u00e9rico da\u00f1\u00f3 12 invernaderos sembrados de berenjena, pimiento y tomate, inform\u00f3 el Departamento de Agricultura de Tartus &hellip;<\/p>\n","protected":false},"author":39,"featured_media":220351,"comment_status":"closed","ping_status":"closed","sticky":false,"template":"","format":"standard","meta":{"footnotes":""},"categories":[597,485,476,457],"tags":[],"class_list":["post-220350","post","type-post","status-publish","format-standard","has-post-thumbnail","","category-cinta-de-noticias","category-informes-negocios-y-finanzas","category-locales","category-noticias-arabe-internacional-politica"],"_links":{"self":[{"href":"https:\/\/archive.sana.sy\/es\/index.php?rest_route=\/wp\/v2\/posts\/220350"}],"collection":[{"href":"https:\/\/archive.sana.sy\/es\/index.php?rest_route=\/wp\/v2\/posts"}],"about":[{"href":"https:\/\/archive.sana.sy\/es\/index.php?rest_route=\/wp\/v2\/types\/post"}],"author":[{"embeddable":true,"href":"https:\/\/archive.sana.sy\/es\/index.php?rest_route=\/wp\/v2\/users\/39"}],"replies":[{"embeddable":true,"href":"https:\/\/archive.sana.sy\/es\/index.php?rest_route=%2Fwp%2Fv2%2Fcomments&post=220350"}],"version-history":[{"count":0,"href":"https:\/\/archive.sana.sy\/es\/index.php?rest_route=\/wp\/v2\/posts\/220350\/revisions"}],"wp:featuredmedia":[{"embeddable":true,"href":"https:\/\/archive.sana.sy\/es\/index.php?rest_route=\/wp\/v2\/media\/220351"}],"wp:attachment":[{"href":"https:\/\/archive.sana.sy\/es\/index.php?rest_route=%2Fwp%2Fv2%2Fmedia&parent=220350"}],"wp:term":[{"taxonomy":"category","embeddable":true,"href":"https:\/\/archive.sana.sy\/es\/index.php?rest_route=%2Fwp%2Fv2%2Fcategories&post=220350"},{"taxonomy":"post_tag","embeddable":true,"href":"https:\/\/archive.sana.sy\/es\/index.php?rest_route=%2Fwp%2Fv2%2Ftags&post=220350"}],"curies":[{"name":"wp","href":"https:\/\/api.w.org\/{rel}","templated":true}]}}