{"id":220366,"date":"2022-02-26T17:55:00","date_gmt":"2022-02-26T15:55:00","guid":{"rendered":"http:\/\/107.6.182.27\/es\/?p=220366"},"modified":"2023-01-10T16:38:27","modified_gmt":"2023-01-10T14:38:27","slug":"las-acciones-de-los-neonazis-ucranianos-se-parecen-a-las-de-los-terroristas-en-siria","status":"publish","type":"post","link":"https:\/\/archive.sana.sy\/es\/?p=220366","title":{"rendered":"Las acciones de los neonazis ucranianos se parecen a las de los terroristas en Siria"},"content":{"rendered":"<p style=\"text-align: justify;\"><span style=\"color: #800000;\"><strong>Mosc\u00fa, 26 feb (SANA)\u00a0<\/strong> <\/span>\u00a0El Ministerio de Defensa ruso anunci\u00f3 hoy que los m\u00e9todos empleados por los grupos ultranacionalistas ucranianos se parecen a las pr\u00e1cticas de los terroristas en Siria.<\/p>\n<p style=\"text-align: justify;\">Las brigadas de los neonazis ucranianos usan veh\u00edculos equipados con ametralladoras pesadas o morteros, y esta t\u00e1ctica fue utilizada por terroristas internacionales en Siria, se\u00f1al\u00f3 un comunicado emitido por el Ministerio.<\/p>\n<p style=\"text-align: justify;\">Agreg\u00f3 que, seg\u00fan datos de inteligencia, los ultranacionalistas ucranianos despegaron misiles y artiller\u00eda en \u00e1reas residenciales de Kiev y otras ciudades ucranianas, lo que podr\u00eda tener graves consecuencias.<\/p>\n<p style=\"text-align: justify;\">La declaraci\u00f3n aclar\u00f3 que la implicaci\u00f3n de la poblaci\u00f3n civil de Ucrania en las hostilidades con los extremistas conducir\u00e1 inevitablemente a accidentes y v\u00edctimas, y pidi\u00f3 al pueblo ucraniano que sea prudente y no sucumba a las provocaciones del r\u00e9gimen de Kiev.<\/p>\n<p style=\"text-align: justify;\">fm\/rr<\/p>\n","protected":false},"excerpt":{"rendered":"<p>Mosc\u00fa, 26 feb (SANA)\u00a0 \u00a0El Ministerio de Defensa ruso anunci\u00f3 hoy que los m\u00e9todos empleados por los grupos ultranacionalistas ucranianos se parecen a las pr\u00e1cticas de los terroristas en Siria. Las brigadas de los neonazis ucranianos usan veh\u00edculos equipados con ametralladoras pesadas o morteros, y esta t\u00e1ctica fue utilizada por terroristas internacionales en Siria, se\u00f1al\u00f3 &hellip;<\/p>\n","protected":false},"author":31,"featured_media":220367,"comment_status":"closed","ping_status":"closed","sticky":false,"template":"","format":"standard","meta":{"footnotes":""},"categories":[597,456,7541],"tags":[],"class_list":["post-220366","post","type-post","status-publish","format-standard","has-post-thumbnail","","category-cinta-de-noticias","category-arabe-internacional-politica","category-ultimas-noticias"],"_links":{"self":[{"href":"https:\/\/archive.sana.sy\/es\/index.php?rest_route=\/wp\/v2\/posts\/220366"}],"collection":[{"href":"https:\/\/archive.sana.sy\/es\/index.php?rest_route=\/wp\/v2\/posts"}],"about":[{"href":"https:\/\/archive.sana.sy\/es\/index.php?rest_route=\/wp\/v2\/types\/post"}],"author":[{"embeddable":true,"href":"https:\/\/archive.sana.sy\/es\/index.php?rest_route=\/wp\/v2\/users\/31"}],"replies":[{"embeddable":true,"href":"https:\/\/archive.sana.sy\/es\/index.php?rest_route=%2Fwp%2Fv2%2Fcomments&post=220366"}],"version-history":[{"count":0,"href":"https:\/\/archive.sana.sy\/es\/index.php?rest_route=\/wp\/v2\/posts\/220366\/revisions"}],"wp:featuredmedia":[{"embeddable":true,"href":"https:\/\/archive.sana.sy\/es\/index.php?rest_route=\/wp\/v2\/media\/220367"}],"wp:attachment":[{"href":"https:\/\/archive.sana.sy\/es\/index.php?rest_route=%2Fwp%2Fv2%2Fmedia&parent=220366"}],"wp:term":[{"taxonomy":"category","embeddable":true,"href":"https:\/\/archive.sana.sy\/es\/index.php?rest_route=%2Fwp%2Fv2%2Fcategories&post=220366"},{"taxonomy":"post_tag","embeddable":true,"href":"https:\/\/archive.sana.sy\/es\/index.php?rest_route=%2Fwp%2Fv2%2Ftags&post=220366"}],"curies":[{"name":"wp","href":"https:\/\/api.w.org\/{rel}","templated":true}]}}