{"id":220369,"date":"2022-02-26T16:42:24","date_gmt":"2022-02-26T14:42:24","guid":{"rendered":"http:\/\/107.6.182.27\/es\/?p=220369"},"modified":"2022-02-26T19:57:44","modified_gmt":"2022-02-26T17:57:44","slug":"la-sra-asmaa-al-assad-recibe-a-nina-rusa-que-se-destaco-por-sus-iniciativas-hacia-los-ninos-sirios","status":"publish","type":"post","link":"https:\/\/archive.sana.sy\/es\/?p=220369","title":{"rendered":"La Sra. Asmaa Al-Assad recibe a ni\u00f1a rusa que se destac\u00f3 por sus iniciativas hacia los ni\u00f1os sirios"},"content":{"rendered":"<p style=\"text-align: justify;\"><span style=\"color: #800000;\"><strong>Damasco, 26 feb (SANA)\u00a0 \u00a0<\/strong><\/span>La primera dama Asmaa al-Assad, recibi\u00f3 este s\u00e1bado a la ni\u00f1a rusa Diana Nikitina, de 14 a\u00f1os de edad, y desatacada por sus iniciativas y sus mensajes hacia los ni\u00f1os sirios durante a\u00f1os.<\/p>\n<p style=\"text-align: justify;\">Diana se encuentra en Siria por invitaci\u00f3n de la primera dama ya que la menor expres\u00f3 su deseo de encontrarse con ella durante su visita anterior al pa\u00eds.<\/p>\n<p style=\"text-align: justify;\">Durante una reuni\u00f3n a la que asistieron el embajador y el agregado militar de la Embajada de Rusia de Damasco, al-Assad describi\u00f3 a la ni\u00f1a rusa como \u201cuna embajadora por excelencia\u201d, y destac\u00f3 la importancia de organizar visitas mutuas entre los ni\u00f1os y j\u00f3venes sirios y rusos con el fin de consolidar la profunda relaci\u00f3n hist\u00f3rica entre los dos pa\u00edses.<\/p>\n<p style=\"text-align: justify;\">\u201cLa protecci\u00f3n de los ni\u00f1os es una prioridad permanente, especialmente en tiempos de las guerras. Luchamos para establecer principios, proteger derechos y defender la tierra para que los ni\u00f1os vivan con seguridad y dignidad\u201d, indic\u00f3.<\/p>\n<p style=\"text-align: justify;\">La Sra. al-Assad hizo alusi\u00f3n a la opresi\u00f3n y explotaci\u00f3n que sufren los ni\u00f1os sirios que viven en \u00e1reas y campamentos ocupados o controlados por terroristas en Siria, y resalt\u00f3 que todos los pa\u00edses deben asumir sus responsabilidades hacia estos ni\u00f1os para rescatarlos y sacarlos de estos campamentos.<\/p>\n<p style=\"text-align: justify;\">rr\/fm<\/p>\n<div id='gallery-1' class='gallery galleryid-220369 gallery-columns-1 gallery-size-full'><figure class='gallery-item'>\n\t\t\t<div class='gallery-icon landscape'>\n\t\t\t\t<a href='https:\/\/archive.sana.sy\/es\/wp-content\/uploads\/2022\/02\/2022-02-26-16.50.2\u0663\u06634-2-Copy-scaled.jpg'><img loading=\"lazy\" decoding=\"async\" width=\"2560\" height=\"1434\" src=\"https:\/\/archive.sana.sy\/es\/wp-content\/uploads\/2022\/02\/2022-02-26-16.50.2\u0663\u06634-2-Copy-scaled.jpg\" class=\"attachment-full size-full\" alt=\"\" srcset=\"https:\/\/archive.sana.sy\/es\/wp-content\/uploads\/2022\/02\/2022-02-26-16.50.2\u0663\u06634-2-Copy-scaled.jpg 2560w, https:\/\/archive.sana.sy\/es\/wp-content\/uploads\/2022\/02\/2022-02-26-16.50.2\u0663\u06634-2-Copy-300x168.jpg 300w, https:\/\/archive.sana.sy\/es\/wp-content\/uploads\/2022\/02\/2022-02-26-16.50.2\u0663\u06634-2-Copy-1024x573.jpg 1024w, https:\/\/archive.sana.sy\/es\/wp-content\/uploads\/2022\/02\/2022-02-26-16.50.2\u0663\u06634-2-Copy-150x84.jpg 150w, https:\/\/archive.sana.sy\/es\/wp-content\/uploads\/2022\/02\/2022-02-26-16.50.2\u0663\u06634-2-Copy-768x430.jpg 768w, https:\/\/archive.sana.sy\/es\/wp-content\/uploads\/2022\/02\/2022-02-26-16.50.2\u0663\u06634-2-Copy-1536x860.jpg 1536w, https:\/\/archive.sana.sy\/es\/wp-content\/uploads\/2022\/02\/2022-02-26-16.50.2\u0663\u06634-2-Copy-2048x1147.jpg 2048w\" sizes=\"(max-width: 2560px) 100vw, 2560px\" \/><\/a>\n\t\t\t<\/div><\/figure><figure class='gallery-item'>\n\t\t\t<div class='gallery-icon landscape'>\n\t\t\t\t<a href='https:\/\/archive.sana.sy\/es\/wp-content\/uploads\/2022\/02\/4-147.jpg'><img loading=\"lazy\" decoding=\"async\" width=\"660\" height=\"407\" src=\"https:\/\/archive.sana.sy\/es\/wp-content\/uploads\/2022\/02\/4-147.jpg\" class=\"attachment-full size-full\" alt=\"\" srcset=\"https:\/\/archive.sana.sy\/es\/wp-content\/uploads\/2022\/02\/4-147.jpg 660w, https:\/\/archive.sana.sy\/es\/wp-content\/uploads\/2022\/02\/4-147-300x185.jpg 300w, https:\/\/archive.sana.sy\/es\/wp-content\/uploads\/2022\/02\/4-147-150x93.jpg 150w\" sizes=\"(max-width: 660px) 100vw, 660px\" \/><\/a>\n\t\t\t<\/div><\/figure><figure class='gallery-item'>\n\t\t\t<div class='gallery-icon landscape'>\n\t\t\t\t<a href='https:\/\/archive.sana.sy\/es\/wp-content\/uploads\/2022\/02\/6-116.jpg'><img loading=\"lazy\" decoding=\"async\" width=\"660\" height=\"341\" src=\"https:\/\/archive.sana.sy\/es\/wp-content\/uploads\/2022\/02\/6-116.jpg\" class=\"attachment-full size-full\" alt=\"\" srcset=\"https:\/\/archive.sana.sy\/es\/wp-content\/uploads\/2022\/02\/6-116.jpg 660w, https:\/\/archive.sana.sy\/es\/wp-content\/uploads\/2022\/02\/6-116-300x155.jpg 300w, https:\/\/archive.sana.sy\/es\/wp-content\/uploads\/2022\/02\/6-116-150x78.jpg 150w\" sizes=\"(max-width: 660px) 100vw, 660px\" \/><\/a>\n\t\t\t<\/div><\/figure><figure class='gallery-item'>\n\t\t\t<div class='gallery-icon landscape'>\n\t\t\t\t<a href='https:\/\/archive.sana.sy\/es\/wp-content\/uploads\/2022\/02\/22_02_26_FL_\u0644\u0642\u0627\u0621_\u0627\u0644\u0637\u0641\u0644\u0629_\u0627\u0644\u0631.jpg'><img loading=\"lazy\" decoding=\"async\" width=\"660\" height=\"400\" src=\"https:\/\/archive.sana.sy\/es\/wp-content\/uploads\/2022\/02\/22_02_26_FL_\u0644\u0642\u0627\u0621_\u0627\u0644\u0637\u0641\u0644\u0629_\u0627\u0644\u0631.jpg\" class=\"attachment-full size-full\" alt=\"\" srcset=\"https:\/\/archive.sana.sy\/es\/wp-content\/uploads\/2022\/02\/22_02_26_FL_\u0644\u0642\u0627\u0621_\u0627\u0644\u0637\u0641\u0644\u0629_\u0627\u0644\u0631.jpg 660w, https:\/\/archive.sana.sy\/es\/wp-content\/uploads\/2022\/02\/22_02_26_FL_\u0644\u0642\u0627\u0621_\u0627\u0644\u0637\u0641\u0644\u0629_\u0627\u0644\u0631-300x182.jpg 300w, https:\/\/archive.sana.sy\/es\/wp-content\/uploads\/2022\/02\/22_02_26_FL_\u0644\u0642\u0627\u0621_\u0627\u0644\u0637\u0641\u0644\u0629_\u0627\u0644\u0631-150x91.jpg 150w\" sizes=\"(max-width: 660px) 100vw, 660px\" \/><\/a>\n\t\t\t<\/div><\/figure><figure class='gallery-item'>\n\t\t\t<div class='gallery-icon portrait'>\n\t\t\t\t<a href='https:\/\/archive.sana.sy\/es\/wp-content\/uploads\/2022\/02\/5-144.jpg'><img loading=\"lazy\" decoding=\"async\" width=\"660\" height=\"770\" src=\"https:\/\/archive.sana.sy\/es\/wp-content\/uploads\/2022\/02\/5-144.jpg\" class=\"attachment-full size-full\" alt=\"\" srcset=\"https:\/\/archive.sana.sy\/es\/wp-content\/uploads\/2022\/02\/5-144.jpg 660w, https:\/\/archive.sana.sy\/es\/wp-content\/uploads\/2022\/02\/5-144-257x300.jpg 257w, https:\/\/archive.sana.sy\/es\/wp-content\/uploads\/2022\/02\/5-144-129x150.jpg 129w\" sizes=\"(max-width: 660px) 100vw, 660px\" \/><\/a>\n\t\t\t<\/div><\/figure>\n\t\t<\/div>\n\n","protected":false},"excerpt":{"rendered":"<p>Damasco, 26 feb (SANA)\u00a0 \u00a0La primera dama Asmaa al-Assad, recibi\u00f3 este s\u00e1bado a la ni\u00f1a rusa Diana Nikitina, de 14 a\u00f1os de edad, y desatacada por sus iniciativas y sus mensajes hacia los ni\u00f1os sirios durante a\u00f1os. Diana se encuentra en Siria por invitaci\u00f3n de la primera dama ya que la menor expres\u00f3 su deseo &hellip;<\/p>\n","protected":false},"author":31,"featured_media":220371,"comment_status":"closed","ping_status":"closed","sticky":false,"template":"","format":"standard","meta":{"footnotes":""},"categories":[597,476,583],"tags":[],"class_list":["post-220369","post","type-post","status-publish","format-standard","has-post-thumbnail","","category-cinta-de-noticias","category-locales","category-slide"],"_links":{"self":[{"href":"https:\/\/archive.sana.sy\/es\/index.php?rest_route=\/wp\/v2\/posts\/220369"}],"collection":[{"href":"https:\/\/archive.sana.sy\/es\/index.php?rest_route=\/wp\/v2\/posts"}],"about":[{"href":"https:\/\/archive.sana.sy\/es\/index.php?rest_route=\/wp\/v2\/types\/post"}],"author":[{"embeddable":true,"href":"https:\/\/archive.sana.sy\/es\/index.php?rest_route=\/wp\/v2\/users\/31"}],"replies":[{"embeddable":true,"href":"https:\/\/archive.sana.sy\/es\/index.php?rest_route=%2Fwp%2Fv2%2Fcomments&post=220369"}],"version-history":[{"count":0,"href":"https:\/\/archive.sana.sy\/es\/index.php?rest_route=\/wp\/v2\/posts\/220369\/revisions"}],"wp:featuredmedia":[{"embeddable":true,"href":"https:\/\/archive.sana.sy\/es\/index.php?rest_route=\/wp\/v2\/media\/220371"}],"wp:attachment":[{"href":"https:\/\/archive.sana.sy\/es\/index.php?rest_route=%2Fwp%2Fv2%2Fmedia&parent=220369"}],"wp:term":[{"taxonomy":"category","embeddable":true,"href":"https:\/\/archive.sana.sy\/es\/index.php?rest_route=%2Fwp%2Fv2%2Fcategories&post=220369"},{"taxonomy":"post_tag","embeddable":true,"href":"https:\/\/archive.sana.sy\/es\/index.php?rest_route=%2Fwp%2Fv2%2Ftags&post=220369"}],"curies":[{"name":"wp","href":"https:\/\/api.w.org\/{rel}","templated":true}]}}