{"id":220422,"date":"2022-02-27T13:44:29","date_gmt":"2022-02-27T11:44:29","guid":{"rendered":"http:\/\/107.6.182.27\/es\/?p=220422"},"modified":"2023-01-10T16:38:26","modified_gmt":"2023-01-10T14:38:26","slug":"putin-agradece-a-las-fuerzas-rusas-por-su-heroica-actuacion","status":"publish","type":"post","link":"https:\/\/archive.sana.sy\/es\/?p=220422","title":{"rendered":"Putin agradece a las fuerzas rusas por su heroica actuaci\u00f3n"},"content":{"rendered":"<p style=\"text-align: justify;\"><strong><span style=\"color: #800000;\">Mosc\u00fa, 27 feb (SANA)\u00a0<\/span><\/strong> El presidente ruso Vladimir Putin, salud\u00f3 hoy a las fuerzas rusas que participan en la operaci\u00f3n militar especial en Ucrania por el heroico desempe\u00f1o de su deber.<\/p>\n<p style=\"text-align: justify;\">&#8220;Me gustar\u00eda agradecer, en nombre del pueblo de Rusia y de nuestra gran Patria, a los comandantes e integrantes de las fuerzas de operaciones y a las unidades de fuerzas especiales por su lealtad y servicio impecable&#8221;, dijo Putin en su mensaje citado por la agencia de noticias RIA Novosti.<\/p>\n<p style=\"text-align: justify;\">Enfatiz\u00f3 que las Fuerzas de Operaciones Especiales demostraron su disposici\u00f3n de realizar las tareas de manera eficiente y competente en las condiciones m\u00e1s dif\u00edciles.<\/p>\n<p style=\"text-align: justify;\">Destac\u00f3 que a los soldados que en estos d\u00edas cumplen heroicamente su deber militar en el marco de la operaci\u00f3n especial para apoyar a los pueblos de las rep\u00fablicas de Donetsk y Lugansk.<\/p>\n<p style=\"text-align: justify;\"><em>fm\/ws<\/em><\/p>\n","protected":false},"excerpt":{"rendered":"<p>Mosc\u00fa, 27 feb (SANA)\u00a0 El presidente ruso Vladimir Putin, salud\u00f3 hoy a las fuerzas rusas que participan en la operaci\u00f3n militar especial en Ucrania por el heroico desempe\u00f1o de su deber. &#8220;Me gustar\u00eda agradecer, en nombre del pueblo de Rusia y de nuestra gran Patria, a los comandantes e integrantes de las fuerzas de operaciones &hellip;<\/p>\n","protected":false},"author":35,"featured_media":220423,"comment_status":"closed","ping_status":"closed","sticky":false,"template":"","format":"standard","meta":{"footnotes":""},"categories":[597,456,457,7541],"tags":[],"class_list":["post-220422","post","type-post","status-publish","format-standard","has-post-thumbnail","","category-cinta-de-noticias","category-arabe-internacional-politica","category-noticias-arabe-internacional-politica","category-ultimas-noticias"],"_links":{"self":[{"href":"https:\/\/archive.sana.sy\/es\/index.php?rest_route=\/wp\/v2\/posts\/220422"}],"collection":[{"href":"https:\/\/archive.sana.sy\/es\/index.php?rest_route=\/wp\/v2\/posts"}],"about":[{"href":"https:\/\/archive.sana.sy\/es\/index.php?rest_route=\/wp\/v2\/types\/post"}],"author":[{"embeddable":true,"href":"https:\/\/archive.sana.sy\/es\/index.php?rest_route=\/wp\/v2\/users\/35"}],"replies":[{"embeddable":true,"href":"https:\/\/archive.sana.sy\/es\/index.php?rest_route=%2Fwp%2Fv2%2Fcomments&post=220422"}],"version-history":[{"count":0,"href":"https:\/\/archive.sana.sy\/es\/index.php?rest_route=\/wp\/v2\/posts\/220422\/revisions"}],"wp:featuredmedia":[{"embeddable":true,"href":"https:\/\/archive.sana.sy\/es\/index.php?rest_route=\/wp\/v2\/media\/220423"}],"wp:attachment":[{"href":"https:\/\/archive.sana.sy\/es\/index.php?rest_route=%2Fwp%2Fv2%2Fmedia&parent=220422"}],"wp:term":[{"taxonomy":"category","embeddable":true,"href":"https:\/\/archive.sana.sy\/es\/index.php?rest_route=%2Fwp%2Fv2%2Fcategories&post=220422"},{"taxonomy":"post_tag","embeddable":true,"href":"https:\/\/archive.sana.sy\/es\/index.php?rest_route=%2Fwp%2Fv2%2Ftags&post=220422"}],"curies":[{"name":"wp","href":"https:\/\/api.w.org\/{rel}","templated":true}]}}