{"id":220470,"date":"2022-02-27T15:34:58","date_gmt":"2022-02-27T13:34:58","guid":{"rendered":"http:\/\/107.6.182.27\/es\/?p=220470"},"modified":"2022-02-27T15:34:58","modified_gmt":"2022-02-27T13:34:58","slug":"icap-de-cuba-manifiesta-apoyo-y-solidaridad-con-siria","status":"publish","type":"post","link":"https:\/\/archive.sana.sy\/es\/?p=220470","title":{"rendered":"ICAP de Cuba manifiesta apoyo y solidaridad con Siria"},"content":{"rendered":"<p style=\"text-align: justify;\"><strong><span style=\"color: #800000;\">La Habana, 27 feb (SANA)\u00a0 \u00a0<\/span><\/strong> El presidente del Instituto Cubano de Solidaridad con los Pueblos (ICAP), Fernando Gonz\u00e1lez, reiter\u00f3 el apoyo y la solidaridad del ICAP y de todas las organizaciones juveniles cubanas con Siria ante la guerra terrorista que est\u00e1 enfrentando.<\/p>\n<p style=\"text-align: justify;\">Esta postura fue manifestada durante el encuentro del embajador sirio en Cuba , Idris Maya con una delegaci\u00f3nd el Consejo Mundial de la paz.<\/p>\n<p style=\"text-align: justify;\">Gonz\u00e1lez dijo que el Instituto ha organizado durante los \u00faltimos a\u00f1os numerosos eventos y actividades a favor y en apoyo de Siria.<\/p>\n<p style=\"text-align: justify;\">Por su parte, el embajador Maya denunci\u00f3 el saqueo por parte de los ocupantes estadounidense y turco de las riquezas de Siria y su apoyo a las organizaciones terroristas.<\/p>\n<p style=\"text-align: justify;\">Subray\u00f3 la determinaci\u00f3n del gobierno, ej\u00e9rcito y pueblo de Siria para erradicar el terrorismo de todos los territorios sirios.<\/p>\n<p style=\"text-align: justify;\">El diplom\u00e1tico agradeci\u00f3 las posiciones del Consejo Mundial de la Paz con respecto a la guerra terrorista impuesta a Siria durante casi 11 a\u00f1os.<\/p>\n<p><em>fm\/ed<\/em><\/p>\n<p style=\"text-align: justify;\">\n","protected":false},"excerpt":{"rendered":"<p>La Habana, 27 feb (SANA)\u00a0 \u00a0 El presidente del Instituto Cubano de Solidaridad con los Pueblos (ICAP), Fernando Gonz\u00e1lez, reiter\u00f3 el apoyo y la solidaridad del ICAP y de todas las organizaciones juveniles cubanas con Siria ante la guerra terrorista que est\u00e1 enfrentando. Esta postura fue manifestada durante el encuentro del embajador sirio en Cuba &hellip;<\/p>\n","protected":false},"author":32,"featured_media":220471,"comment_status":"closed","ping_status":"closed","sticky":false,"template":"","format":"standard","meta":{"footnotes":""},"categories":[597,467,7541],"tags":[],"class_list":["post-220470","post","type-post","status-publish","format-standard","has-post-thumbnail","","category-cinta-de-noticias","category-siria-y-el-mundo","category-ultimas-noticias"],"_links":{"self":[{"href":"https:\/\/archive.sana.sy\/es\/index.php?rest_route=\/wp\/v2\/posts\/220470"}],"collection":[{"href":"https:\/\/archive.sana.sy\/es\/index.php?rest_route=\/wp\/v2\/posts"}],"about":[{"href":"https:\/\/archive.sana.sy\/es\/index.php?rest_route=\/wp\/v2\/types\/post"}],"author":[{"embeddable":true,"href":"https:\/\/archive.sana.sy\/es\/index.php?rest_route=\/wp\/v2\/users\/32"}],"replies":[{"embeddable":true,"href":"https:\/\/archive.sana.sy\/es\/index.php?rest_route=%2Fwp%2Fv2%2Fcomments&post=220470"}],"version-history":[{"count":0,"href":"https:\/\/archive.sana.sy\/es\/index.php?rest_route=\/wp\/v2\/posts\/220470\/revisions"}],"wp:featuredmedia":[{"embeddable":true,"href":"https:\/\/archive.sana.sy\/es\/index.php?rest_route=\/wp\/v2\/media\/220471"}],"wp:attachment":[{"href":"https:\/\/archive.sana.sy\/es\/index.php?rest_route=%2Fwp%2Fv2%2Fmedia&parent=220470"}],"wp:term":[{"taxonomy":"category","embeddable":true,"href":"https:\/\/archive.sana.sy\/es\/index.php?rest_route=%2Fwp%2Fv2%2Fcategories&post=220470"},{"taxonomy":"post_tag","embeddable":true,"href":"https:\/\/archive.sana.sy\/es\/index.php?rest_route=%2Fwp%2Fv2%2Ftags&post=220470"}],"curies":[{"name":"wp","href":"https:\/\/api.w.org\/{rel}","templated":true}]}}