{"id":220476,"date":"2022-02-27T15:33:59","date_gmt":"2022-02-27T13:33:59","guid":{"rendered":"http:\/\/107.6.182.27\/es\/?p=220476"},"modified":"2023-01-10T16:38:26","modified_gmt":"2023-01-10T14:38:26","slug":"putin-ordena-poner-las-fuerzas-de-disuasion-estrategica-en-estado-de-alerta","status":"publish","type":"post","link":"https:\/\/archive.sana.sy\/es\/?p=220476","title":{"rendered":"Putin ordena poner las fuerzas de disuasi\u00f3n estrat\u00e9gica en estado de alerta"},"content":{"rendered":"<p style=\"text-align: justify;\"><span style=\"color: #800000;\"><strong>Mosc\u00fa, 27 feb (SANA) <\/strong><\/span>El presidente ruso, Vlad\u00edmir Putin, orden\u00f3 hoy al Ministerio de Defensa a poner las Fuerzas de Disuasi\u00f3n Estrat\u00e9gica en estado de alerta de combate.<\/p>\n<p style=\"text-align: justify;\">&#8220;Pueden ver que no solo los pa\u00edses occidentales est\u00e1n tomando acciones hostiles contra el pa\u00eds en el \u00e1mbito econ\u00f3mico, como sanciones ileg\u00edtimas, sino tambi\u00e9n los altos funcionarios de los principales pa\u00edses de la OTAN permiten declaraciones agresivas contra nuestro pa\u00eds, por lo cual ordeno al ministro de Defensa y al jefe de Estado Mayor a poner las armas de disuasi\u00f3n del Ej\u00e9rcito ruso en modo especial de alerta&#8221;, orden\u00f3 Putin al titular de Defensa de Rusia, Sergu\u00e9i Shoig\u00fa, y al jefe de Estado Mayor, Valeri Guer\u00e1simov, seg\u00fan difundi\u00f3 la agencia Sputnik.<\/p>\n<p style=\"text-align: justify;\">fm\/ed<\/p>\n","protected":false},"excerpt":{"rendered":"<p>Mosc\u00fa, 27 feb (SANA) El presidente ruso, Vlad\u00edmir Putin, orden\u00f3 hoy al Ministerio de Defensa a poner las Fuerzas de Disuasi\u00f3n Estrat\u00e9gica en estado de alerta de combate. &#8220;Pueden ver que no solo los pa\u00edses occidentales est\u00e1n tomando acciones hostiles contra el pa\u00eds en el \u00e1mbito econ\u00f3mico, como sanciones ileg\u00edtimas, sino tambi\u00e9n los altos funcionarios &hellip;<\/p>\n","protected":false},"author":32,"featured_media":220477,"comment_status":"closed","ping_status":"closed","sticky":false,"template":"","format":"standard","meta":{"footnotes":""},"categories":[597,456,7541],"tags":[7016],"class_list":["post-220476","post","type-post","status-publish","format-standard","has-post-thumbnail","","category-cinta-de-noticias","category-arabe-internacional-politica","category-ultimas-noticias","tag-moscu"],"_links":{"self":[{"href":"https:\/\/archive.sana.sy\/es\/index.php?rest_route=\/wp\/v2\/posts\/220476"}],"collection":[{"href":"https:\/\/archive.sana.sy\/es\/index.php?rest_route=\/wp\/v2\/posts"}],"about":[{"href":"https:\/\/archive.sana.sy\/es\/index.php?rest_route=\/wp\/v2\/types\/post"}],"author":[{"embeddable":true,"href":"https:\/\/archive.sana.sy\/es\/index.php?rest_route=\/wp\/v2\/users\/32"}],"replies":[{"embeddable":true,"href":"https:\/\/archive.sana.sy\/es\/index.php?rest_route=%2Fwp%2Fv2%2Fcomments&post=220476"}],"version-history":[{"count":0,"href":"https:\/\/archive.sana.sy\/es\/index.php?rest_route=\/wp\/v2\/posts\/220476\/revisions"}],"wp:featuredmedia":[{"embeddable":true,"href":"https:\/\/archive.sana.sy\/es\/index.php?rest_route=\/wp\/v2\/media\/220477"}],"wp:attachment":[{"href":"https:\/\/archive.sana.sy\/es\/index.php?rest_route=%2Fwp%2Fv2%2Fmedia&parent=220476"}],"wp:term":[{"taxonomy":"category","embeddable":true,"href":"https:\/\/archive.sana.sy\/es\/index.php?rest_route=%2Fwp%2Fv2%2Fcategories&post=220476"},{"taxonomy":"post_tag","embeddable":true,"href":"https:\/\/archive.sana.sy\/es\/index.php?rest_route=%2Fwp%2Fv2%2Ftags&post=220476"}],"curies":[{"name":"wp","href":"https:\/\/api.w.org\/{rel}","templated":true}]}}