{"id":220557,"date":"2022-02-28T09:33:44","date_gmt":"2022-02-28T07:33:44","guid":{"rendered":"http:\/\/107.6.182.27\/es\/?p=220557"},"modified":"2023-01-10T16:38:25","modified_gmt":"2023-01-10T14:38:25","slug":"fuerzas-rusas-controlan-el-area-alrededor-de-la-central-de-energia-nuclear-de-zaporozhye-en-ucrania","status":"publish","type":"post","link":"https:\/\/archive.sana.sy\/es\/?p=220557","title":{"rendered":"Fuerzas rusas controlan el \u00e1rea alrededor de la central de energ\u00eda nuclear de Zaporozhye en Ucrania"},"content":{"rendered":"<p style=\"text-align: justify;\"><span style=\"color: #800000;\"><strong>Mosc\u00fa, 28 feb (SANA)\u00a0<\/strong> <\/span>El portavoz del Ministerio de Defensa ruso, el mayor general, \u00cdgor Konash\u00e9nkov, anunci\u00f3 hoy que todos los civiles que residen en Kiev pueden salir de la capital ucraniana por la carretera Kiev-Vasylkov.<\/p>\n<p style=\"text-align: justify;\">Asegur\u00f3 que el ej\u00e9rcito ruso tom\u00f3 el control de las ciudades de Berdyansk y Energodar y tambi\u00e9n del \u00e1rea alrededor de la planta de energ\u00eda nuclear Zaporozhye en Ucrania.<\/p>\n<p style=\"text-align: justify;\">&#8220;Las Fuerzas Armadas de Rusia atacaron 1.114 instalaciones de la infraestructura militar de Ucrania desde el comienzo de la operaci\u00f3n&#8221;, asegur\u00f3 el oficial.<\/p>\n<p style=\"text-align: justify;\">Agreg\u00f3 que la aviaci\u00f3n rusa gan\u00f3 la supremac\u00eda a\u00e9rea en todo el territorio de Ucrania.<\/p>\n<p style=\"text-align: justify;\"><em>fm\/ws<\/em><\/p>\n","protected":false},"excerpt":{"rendered":"<p>Mosc\u00fa, 28 feb (SANA)\u00a0 El portavoz del Ministerio de Defensa ruso, el mayor general, \u00cdgor Konash\u00e9nkov, anunci\u00f3 hoy que todos los civiles que residen en Kiev pueden salir de la capital ucraniana por la carretera Kiev-Vasylkov. Asegur\u00f3 que el ej\u00e9rcito ruso tom\u00f3 el control de las ciudades de Berdyansk y Energodar y tambi\u00e9n del \u00e1rea &hellip;<\/p>\n","protected":false},"author":35,"featured_media":220559,"comment_status":"closed","ping_status":"closed","sticky":false,"template":"","format":"standard","meta":{"footnotes":""},"categories":[597,456,583,1],"tags":[],"class_list":["post-220557","post","type-post","status-publish","format-standard","has-post-thumbnail","","category-cinta-de-noticias","category-arabe-internacional-politica","category-slide","category-news-not-sorted"],"_links":{"self":[{"href":"https:\/\/archive.sana.sy\/es\/index.php?rest_route=\/wp\/v2\/posts\/220557"}],"collection":[{"href":"https:\/\/archive.sana.sy\/es\/index.php?rest_route=\/wp\/v2\/posts"}],"about":[{"href":"https:\/\/archive.sana.sy\/es\/index.php?rest_route=\/wp\/v2\/types\/post"}],"author":[{"embeddable":true,"href":"https:\/\/archive.sana.sy\/es\/index.php?rest_route=\/wp\/v2\/users\/35"}],"replies":[{"embeddable":true,"href":"https:\/\/archive.sana.sy\/es\/index.php?rest_route=%2Fwp%2Fv2%2Fcomments&post=220557"}],"version-history":[{"count":0,"href":"https:\/\/archive.sana.sy\/es\/index.php?rest_route=\/wp\/v2\/posts\/220557\/revisions"}],"wp:featuredmedia":[{"embeddable":true,"href":"https:\/\/archive.sana.sy\/es\/index.php?rest_route=\/wp\/v2\/media\/220559"}],"wp:attachment":[{"href":"https:\/\/archive.sana.sy\/es\/index.php?rest_route=%2Fwp%2Fv2%2Fmedia&parent=220557"}],"wp:term":[{"taxonomy":"category","embeddable":true,"href":"https:\/\/archive.sana.sy\/es\/index.php?rest_route=%2Fwp%2Fv2%2Fcategories&post=220557"},{"taxonomy":"post_tag","embeddable":true,"href":"https:\/\/archive.sana.sy\/es\/index.php?rest_route=%2Fwp%2Fv2%2Ftags&post=220557"}],"curies":[{"name":"wp","href":"https:\/\/api.w.org\/{rel}","templated":true}]}}