{"id":220561,"date":"2022-02-28T09:44:41","date_gmt":"2022-02-28T07:44:41","guid":{"rendered":"http:\/\/107.6.182.27\/es\/?p=220561"},"modified":"2023-01-10T16:38:24","modified_gmt":"2023-01-10T14:38:24","slug":"atacan-comitiva-del-presidente-de-la-republica-popular-de-donetsk","status":"publish","type":"post","link":"https:\/\/archive.sana.sy\/es\/?p=220561","title":{"rendered":"Atacan comitiva del presidente de la Rep\u00fablica Popular de Donetsk"},"content":{"rendered":"<p style=\"text-align: justify;\"><strong><span style=\"color: #800000;\">Donetsk, 28 feb (SANA)<\/span><\/strong>\u00a0 El presidente de la Rep\u00fablica Popular de Donetsk, Denis Pushilin, fue blanco de un ataque con armas de fuego en el noreste de la ciudad de Mariupol.<\/p>\n<p style=\"text-align: justify;\">La comitiva fue atacada mientras se trasladaba de un \u00e1rea a otra, dijo Pushilin al canal \u201cRusia 24\u201d.<\/p>\n<p style=\"text-align: justify;\">El 24 de este mes, las tropas rusas iniciaron una operaci\u00f3n militar en Ucrania para ayudar a las Rep\u00fablicas Populares de Donetsk y Luhansk, que solicitaron la ayuda de Rusia para poner fin a los ataques de las fuerzas del r\u00e9gimen ucraniano contra ellas.<\/p>\n<p style=\"text-align: justify;\">El presidente ruso, Vladimir Putin, calific\u00f3 de genocidio lo que el r\u00e9gimen est\u00e1 haciendo contra la poblaci\u00f3n de las dos Rep\u00fablicas.<\/p>\n<p style=\"text-align: justify;\">ed\/fm<\/p>\n","protected":false},"excerpt":{"rendered":"<p>Donetsk, 28 feb (SANA)\u00a0 El presidente de la Rep\u00fablica Popular de Donetsk, Denis Pushilin, fue blanco de un ataque con armas de fuego en el noreste de la ciudad de Mariupol. La comitiva fue atacada mientras se trasladaba de un \u00e1rea a otra, dijo Pushilin al canal \u201cRusia 24\u201d. El 24 de este mes, las &hellip;<\/p>\n","protected":false},"author":32,"featured_media":220562,"comment_status":"closed","ping_status":"closed","sticky":false,"template":"","format":"standard","meta":{"footnotes":""},"categories":[597,456,7541],"tags":[20684,20692],"class_list":["post-220561","post","type-post","status-publish","format-standard","has-post-thumbnail","","category-cinta-de-noticias","category-arabe-internacional-politica","category-ultimas-noticias","tag-donetsk","tag-mariupol"],"_links":{"self":[{"href":"https:\/\/archive.sana.sy\/es\/index.php?rest_route=\/wp\/v2\/posts\/220561"}],"collection":[{"href":"https:\/\/archive.sana.sy\/es\/index.php?rest_route=\/wp\/v2\/posts"}],"about":[{"href":"https:\/\/archive.sana.sy\/es\/index.php?rest_route=\/wp\/v2\/types\/post"}],"author":[{"embeddable":true,"href":"https:\/\/archive.sana.sy\/es\/index.php?rest_route=\/wp\/v2\/users\/32"}],"replies":[{"embeddable":true,"href":"https:\/\/archive.sana.sy\/es\/index.php?rest_route=%2Fwp%2Fv2%2Fcomments&post=220561"}],"version-history":[{"count":0,"href":"https:\/\/archive.sana.sy\/es\/index.php?rest_route=\/wp\/v2\/posts\/220561\/revisions"}],"wp:featuredmedia":[{"embeddable":true,"href":"https:\/\/archive.sana.sy\/es\/index.php?rest_route=\/wp\/v2\/media\/220562"}],"wp:attachment":[{"href":"https:\/\/archive.sana.sy\/es\/index.php?rest_route=%2Fwp%2Fv2%2Fmedia&parent=220561"}],"wp:term":[{"taxonomy":"category","embeddable":true,"href":"https:\/\/archive.sana.sy\/es\/index.php?rest_route=%2Fwp%2Fv2%2Fcategories&post=220561"},{"taxonomy":"post_tag","embeddable":true,"href":"https:\/\/archive.sana.sy\/es\/index.php?rest_route=%2Fwp%2Fv2%2Ftags&post=220561"}],"curies":[{"name":"wp","href":"https:\/\/api.w.org\/{rel}","templated":true}]}}