{"id":220567,"date":"2022-02-28T10:41:08","date_gmt":"2022-02-28T08:41:08","guid":{"rendered":"http:\/\/107.6.182.27\/es\/?p=220567"},"modified":"2023-01-10T16:38:24","modified_gmt":"2023-01-10T14:38:24","slug":"europa-pagara-alto-por-sus-sanciones-contra-moscu","status":"publish","type":"post","link":"https:\/\/archive.sana.sy\/es\/?p=220567","title":{"rendered":"Europa pagar\u00e1 alto por sus sanciones contra Mosc\u00fa"},"content":{"rendered":"<p style=\"text-align: justify;\">B<span style=\"color: #800000;\"><strong>ruselas, 28 feb (SANA)<\/strong><\/span>\u00a0 La presidenta de la Comisi\u00f3n Europea, Ursula von der Leyen, declar\u00f3 que las sanciones impuestas a Rusia debido a su \u00faltima operaci\u00f3n militar en Ucrania tendr\u00e1n m\u00e1ximo impacto sobre la Uni\u00f3n Europea .<\/p>\n<p style=\"text-align: justify;\">&#8220;Sabemos que el precio de cualquier guerra de provocar mucho sufrimiento, sin embargo, Europa seguir\u00e1 apoyando a Ucrania&#8221;, dijo Leyen en una entrevista con la televisi\u00f3n &#8220;Euronews&#8221;.<\/p>\n<p style=\"text-align: justify;\">Se\u00f1al\u00f3 que Europa espera que Ucrania sea parte de su Uni\u00f3n, pero al mismo tiempo, es importante que Kiev acepte conversaciones de paz con Rusia.<\/p>\n<p style=\"text-align: justify;\">Los pa\u00edses occidentales impusieron un paquete de sanciones econ\u00f3micas contra Rusia en respuesta a la decisi\u00f3n de Mosc\u00fa de lanzar una operaci\u00f3n militar especial en Ucrania para proteger a los residentes de las Rep\u00fablicas Populares de Lugansk y Donetsk.<\/p>\n<p style=\"text-align: justify;\"><em>ws\/fm<\/em><\/p>\n","protected":false},"excerpt":{"rendered":"<p>Bruselas, 28 feb (SANA)\u00a0 La presidenta de la Comisi\u00f3n Europea, Ursula von der Leyen, declar\u00f3 que las sanciones impuestas a Rusia debido a su \u00faltima operaci\u00f3n militar en Ucrania tendr\u00e1n m\u00e1ximo impacto sobre la Uni\u00f3n Europea . &#8220;Sabemos que el precio de cualquier guerra de provocar mucho sufrimiento, sin embargo, Europa seguir\u00e1 apoyando a Ucrania&#8221;, &hellip;<\/p>\n","protected":false},"author":35,"featured_media":220568,"comment_status":"closed","ping_status":"closed","sticky":false,"template":"","format":"standard","meta":{"footnotes":""},"categories":[597,456,7541],"tags":[],"class_list":["post-220567","post","type-post","status-publish","format-standard","has-post-thumbnail","","category-cinta-de-noticias","category-arabe-internacional-politica","category-ultimas-noticias"],"_links":{"self":[{"href":"https:\/\/archive.sana.sy\/es\/index.php?rest_route=\/wp\/v2\/posts\/220567"}],"collection":[{"href":"https:\/\/archive.sana.sy\/es\/index.php?rest_route=\/wp\/v2\/posts"}],"about":[{"href":"https:\/\/archive.sana.sy\/es\/index.php?rest_route=\/wp\/v2\/types\/post"}],"author":[{"embeddable":true,"href":"https:\/\/archive.sana.sy\/es\/index.php?rest_route=\/wp\/v2\/users\/35"}],"replies":[{"embeddable":true,"href":"https:\/\/archive.sana.sy\/es\/index.php?rest_route=%2Fwp%2Fv2%2Fcomments&post=220567"}],"version-history":[{"count":0,"href":"https:\/\/archive.sana.sy\/es\/index.php?rest_route=\/wp\/v2\/posts\/220567\/revisions"}],"wp:featuredmedia":[{"embeddable":true,"href":"https:\/\/archive.sana.sy\/es\/index.php?rest_route=\/wp\/v2\/media\/220568"}],"wp:attachment":[{"href":"https:\/\/archive.sana.sy\/es\/index.php?rest_route=%2Fwp%2Fv2%2Fmedia&parent=220567"}],"wp:term":[{"taxonomy":"category","embeddable":true,"href":"https:\/\/archive.sana.sy\/es\/index.php?rest_route=%2Fwp%2Fv2%2Fcategories&post=220567"},{"taxonomy":"post_tag","embeddable":true,"href":"https:\/\/archive.sana.sy\/es\/index.php?rest_route=%2Fwp%2Fv2%2Ftags&post=220567"}],"curies":[{"name":"wp","href":"https:\/\/api.w.org\/{rel}","templated":true}]}}