{"id":22059,"date":"2015-04-26T19:08:45","date_gmt":"2015-04-26T16:08:45","guid":{"rendered":"http:\/\/sana.sy\/es\/?p=22059"},"modified":"2015-04-26T21:09:35","modified_gmt":"2015-04-26T18:09:35","slug":"abdolahian-las-agresiones-saudies-conllevaran-a-la-falta-de-seguridad","status":"publish","type":"post","link":"https:\/\/archive.sana.sy\/es\/?p=22059","title":{"rendered":"Abdolahian: Las agresiones saud\u00edes conllevar\u00e1n a la falta de seguridad"},"content":{"rendered":"<p>Teher\u00e1n-SANA<\/p>\n<p>El vicecanciller iran\u00ed para Asuntos \u00c1rabes y Africanos, Husein Amir Abdolahian, ha advertido este domingo, al r\u00e9gimen de Arabia Saudita de las consecuencias de su agresi\u00f3n contra Yemen, recalcando que la continuaci\u00f3n de las agresiones saud\u00edes conllevar\u00e1n a la falta de seguridad de la propia Arabia Saud\u00ed y la regi\u00f3n.<\/p>\n<p>En una declaraci\u00f3n, Abdolahian dijo que Arabia Saudita se ha convertido en el problema principal de la inestabilidad, en lugar de contribuir al refuerzo de la seguridad, manifestando su esperanza de que este pa\u00eds \u00e1rabe cambie de postura y desempe\u00f1e un \u201cpapel constructivo\u201d.<\/p>\n<p>El alto funcionario persa ha asegurado que el hecho de que Arabia Saud\u00ed no permite la llegada de ayudas humanitarias al pueblo yemen\u00ed no se quedar\u00e1 \u00a8sin respuesta\u00a8.<\/p>\n<p>Yamil K.<\/p>\n","protected":false},"excerpt":{"rendered":"<p>Teher\u00e1n-SANA El vicecanciller iran\u00ed para Asuntos \u00c1rabes y Africanos, Husein Amir Abdolahian, ha advertido este domingo, al r\u00e9gimen de Arabia Saudita de las consecuencias de su agresi\u00f3n contra Yemen, recalcando que la continuaci\u00f3n de las agresiones saud\u00edes conllevar\u00e1n a la falta de seguridad de la propia Arabia Saud\u00ed y la regi\u00f3n. En una declaraci\u00f3n, Abdolahian &hellip;<\/p>\n","protected":false},"author":1,"featured_media":17500,"comment_status":"closed","ping_status":"closed","sticky":false,"template":"","format":"standard","meta":{"footnotes":""},"categories":[456,457,576],"tags":[],"class_list":["post-22059","post","type-post","status-publish","format-standard","has-post-thumbnail","","category-arabe-internacional-politica","category-noticias-arabe-internacional-politica","category-noticias-politicas"],"_links":{"self":[{"href":"https:\/\/archive.sana.sy\/es\/index.php?rest_route=\/wp\/v2\/posts\/22059"}],"collection":[{"href":"https:\/\/archive.sana.sy\/es\/index.php?rest_route=\/wp\/v2\/posts"}],"about":[{"href":"https:\/\/archive.sana.sy\/es\/index.php?rest_route=\/wp\/v2\/types\/post"}],"author":[{"embeddable":true,"href":"https:\/\/archive.sana.sy\/es\/index.php?rest_route=\/wp\/v2\/users\/1"}],"replies":[{"embeddable":true,"href":"https:\/\/archive.sana.sy\/es\/index.php?rest_route=%2Fwp%2Fv2%2Fcomments&post=22059"}],"version-history":[{"count":0,"href":"https:\/\/archive.sana.sy\/es\/index.php?rest_route=\/wp\/v2\/posts\/22059\/revisions"}],"wp:featuredmedia":[{"embeddable":true,"href":"https:\/\/archive.sana.sy\/es\/index.php?rest_route=\/wp\/v2\/media\/17500"}],"wp:attachment":[{"href":"https:\/\/archive.sana.sy\/es\/index.php?rest_route=%2Fwp%2Fv2%2Fmedia&parent=22059"}],"wp:term":[{"taxonomy":"category","embeddable":true,"href":"https:\/\/archive.sana.sy\/es\/index.php?rest_route=%2Fwp%2Fv2%2Fcategories&post=22059"},{"taxonomy":"post_tag","embeddable":true,"href":"https:\/\/archive.sana.sy\/es\/index.php?rest_route=%2Fwp%2Fv2%2Ftags&post=22059"}],"curies":[{"name":"wp","href":"https:\/\/api.w.org\/{rel}","templated":true}]}}