{"id":220770,"date":"2022-03-01T09:38:24","date_gmt":"2022-03-01T07:38:24","guid":{"rendered":"http:\/\/107.6.182.27\/es\/?p=220770"},"modified":"2023-01-10T16:38:22","modified_gmt":"2023-01-10T14:38:22","slug":"dos-martires-palestinos-por-asalto-de-fuerzas-sionistas-a-cisjordania","status":"publish","type":"post","link":"https:\/\/archive.sana.sy\/es\/?p=220770","title":{"rendered":"Dos m\u00e1rtires palestinos por asalto de fuerzas sionistas a Cisjordania"},"content":{"rendered":"<p style=\"text-align: justify;\"><strong><span style=\"color: #800000;\">Jerusal\u00e9n ocupada, 1 mar (SANA)\u00a0<\/span><\/strong> \u00a0Dos palestinos murieron y otro result\u00f3 herido este martes por disparos de las fuerzas de ocupaci\u00f3n israel\u00edes en el campamento de Jenin en Cisjordania.<\/p>\n<p style=\"text-align: justify;\">Las tropas sionistas irrumpieron en el campo de refugiados de Jenin y abrieron el fuego contra los palestinos, lo que provoc\u00f3 la muerte de dos palestinos, cit\u00f3 la agencia palestina Wafa al Ministerio de Salud palestino.<\/p>\n<p style=\"text-align: justify;\">Recientemente, un palestino result\u00f3 herido por los soldados israel\u00edes, al norte de la ciudad de Hebr\u00f3n, en Cisjordania.<\/p>\n<p style=\"text-align: justify;\">ed\/fm<\/p>\n","protected":false},"excerpt":{"rendered":"<p>Jerusal\u00e9n ocupada, 1 mar (SANA)\u00a0 \u00a0Dos palestinos murieron y otro result\u00f3 herido este martes por disparos de las fuerzas de ocupaci\u00f3n israel\u00edes en el campamento de Jenin en Cisjordania. Las tropas sionistas irrumpieron en el campo de refugiados de Jenin y abrieron el fuego contra los palestinos, lo que provoc\u00f3 la muerte de dos palestinos, &hellip;<\/p>\n","protected":false},"author":32,"featured_media":220771,"comment_status":"closed","ping_status":"closed","sticky":false,"template":"","format":"standard","meta":{"footnotes":""},"categories":[597,456,7541],"tags":[],"class_list":["post-220770","post","type-post","status-publish","format-standard","has-post-thumbnail","","category-cinta-de-noticias","category-arabe-internacional-politica","category-ultimas-noticias"],"_links":{"self":[{"href":"https:\/\/archive.sana.sy\/es\/index.php?rest_route=\/wp\/v2\/posts\/220770"}],"collection":[{"href":"https:\/\/archive.sana.sy\/es\/index.php?rest_route=\/wp\/v2\/posts"}],"about":[{"href":"https:\/\/archive.sana.sy\/es\/index.php?rest_route=\/wp\/v2\/types\/post"}],"author":[{"embeddable":true,"href":"https:\/\/archive.sana.sy\/es\/index.php?rest_route=\/wp\/v2\/users\/32"}],"replies":[{"embeddable":true,"href":"https:\/\/archive.sana.sy\/es\/index.php?rest_route=%2Fwp%2Fv2%2Fcomments&post=220770"}],"version-history":[{"count":0,"href":"https:\/\/archive.sana.sy\/es\/index.php?rest_route=\/wp\/v2\/posts\/220770\/revisions"}],"wp:featuredmedia":[{"embeddable":true,"href":"https:\/\/archive.sana.sy\/es\/index.php?rest_route=\/wp\/v2\/media\/220771"}],"wp:attachment":[{"href":"https:\/\/archive.sana.sy\/es\/index.php?rest_route=%2Fwp%2Fv2%2Fmedia&parent=220770"}],"wp:term":[{"taxonomy":"category","embeddable":true,"href":"https:\/\/archive.sana.sy\/es\/index.php?rest_route=%2Fwp%2Fv2%2Fcategories&post=220770"},{"taxonomy":"post_tag","embeddable":true,"href":"https:\/\/archive.sana.sy\/es\/index.php?rest_route=%2Fwp%2Fv2%2Ftags&post=220770"}],"curies":[{"name":"wp","href":"https:\/\/api.w.org\/{rel}","templated":true}]}}