{"id":22089,"date":"2015-04-27T18:57:28","date_gmt":"2015-04-27T15:57:28","guid":{"rendered":"http:\/\/sana.sy\/es\/?p=22089"},"modified":"2015-04-27T19:07:06","modified_gmt":"2015-04-27T16:07:06","slug":"zarif-israel-es-el-principal-obstaculo-que-impide-cumplir-con-el-tnp","status":"publish","type":"post","link":"https:\/\/archive.sana.sy\/es\/?p=22089","title":{"rendered":"Zarif: Israel es el principal obst\u00e1culo que impide el cumplimiento del TNP"},"content":{"rendered":"<p>Teher\u00e1n-SANA<\/p>\n<p>El Ministro de Exteriores de Ir\u00e1n, Mohamad Yavad Zarif , afirm\u00f3 que el ente sionista es el principal obst\u00e1culo ante el cumplimiento a nivel internacional del Tratado de No Proliferaci\u00f3n Nuclear, ya que viola sistem\u00e1tica este convenio internacional.<\/p>\n<p>\u201cLas armas nucleares que posee Israel, adem\u00e1s de negarse a colaborar con la comunidad internacional constituyen los dos principales obst\u00e1culos ante la universalizaci\u00f3n del tratado\u00a8, subray\u00f3, destacando que el ente sionista es el \u00fanico que viola el Tratado de no Proliferaci\u00f3n de Armas Nucleares.<\/p>\n<p>Yamil K.<\/p>\n","protected":false},"excerpt":{"rendered":"<p>Teher\u00e1n-SANA El Ministro de Exteriores de Ir\u00e1n, Mohamad Yavad Zarif , afirm\u00f3 que el ente sionista es el principal obst\u00e1culo ante el cumplimiento a nivel internacional del Tratado de No Proliferaci\u00f3n Nuclear, ya que viola sistem\u00e1tica este convenio internacional. \u201cLas armas nucleares que posee Israel, adem\u00e1s de negarse a colaborar con la comunidad internacional constituyen &hellip;<\/p>\n","protected":false},"author":1,"featured_media":22090,"comment_status":"closed","ping_status":"closed","sticky":false,"template":"","format":"standard","meta":{"footnotes":""},"categories":[456,457,576],"tags":[],"class_list":["post-22089","post","type-post","status-publish","format-standard","has-post-thumbnail","","category-arabe-internacional-politica","category-noticias-arabe-internacional-politica","category-noticias-politicas"],"_links":{"self":[{"href":"https:\/\/archive.sana.sy\/es\/index.php?rest_route=\/wp\/v2\/posts\/22089"}],"collection":[{"href":"https:\/\/archive.sana.sy\/es\/index.php?rest_route=\/wp\/v2\/posts"}],"about":[{"href":"https:\/\/archive.sana.sy\/es\/index.php?rest_route=\/wp\/v2\/types\/post"}],"author":[{"embeddable":true,"href":"https:\/\/archive.sana.sy\/es\/index.php?rest_route=\/wp\/v2\/users\/1"}],"replies":[{"embeddable":true,"href":"https:\/\/archive.sana.sy\/es\/index.php?rest_route=%2Fwp%2Fv2%2Fcomments&post=22089"}],"version-history":[{"count":0,"href":"https:\/\/archive.sana.sy\/es\/index.php?rest_route=\/wp\/v2\/posts\/22089\/revisions"}],"wp:featuredmedia":[{"embeddable":true,"href":"https:\/\/archive.sana.sy\/es\/index.php?rest_route=\/wp\/v2\/media\/22090"}],"wp:attachment":[{"href":"https:\/\/archive.sana.sy\/es\/index.php?rest_route=%2Fwp%2Fv2%2Fmedia&parent=22089"}],"wp:term":[{"taxonomy":"category","embeddable":true,"href":"https:\/\/archive.sana.sy\/es\/index.php?rest_route=%2Fwp%2Fv2%2Fcategories&post=22089"},{"taxonomy":"post_tag","embeddable":true,"href":"https:\/\/archive.sana.sy\/es\/index.php?rest_route=%2Fwp%2Fv2%2Ftags&post=22089"}],"curies":[{"name":"wp","href":"https:\/\/api.w.org\/{rel}","templated":true}]}}