{"id":220987,"date":"2022-03-02T17:44:27","date_gmt":"2022-03-02T15:44:27","guid":{"rendered":"http:\/\/107.6.182.27\/es\/?p=220987"},"modified":"2023-01-09T14:04:12","modified_gmt":"2023-01-09T12:04:12","slug":"nuevo-proceso-de-reconciliacion-arranca-en-tal-arn-alepo","status":"publish","type":"post","link":"https:\/\/archive.sana.sy\/es\/?p=220987","title":{"rendered":"Nuevo proceso de reconciliaci\u00f3n arranca en Tal Arn \/Alepo"},"content":{"rendered":"<p style=\"text-align: justify\"><span style=\"color: #800000\"><strong>Alepo, 02 mar (SANA)\u00a0<\/strong><\/span> Un nuevo centro para la reconciliaci\u00f3n fue abierto este mi\u00e9rcoles en la localidad de Tal Arn en la provincia de Alepo, en el marco de la iniciativa propuesta por el Estado Sirio para consolidar la seguridad en toda la provincia.<\/p>\n<p style=\"text-align: justify\">Seg\u00fan inform\u00f3 la reportera de SANA, cientos de personas entre militares fugitivos y pr\u00f3fugos, comenzaron a acudir al referido centro para normalizar su estatus jur\u00eddico .<\/p>\n<div id='gallery-1' class='gallery galleryid-220987 gallery-columns-1 gallery-size-full'><figure class='gallery-item'>\n\t\t\t<div class='gallery-icon landscape'>\n\t\t\t\t<a href='https:\/\/archive.sana.sy\/es\/?attachment_id=220988'><img loading=\"lazy\" decoding=\"async\" width=\"2560\" height=\"1544\" src=\"https:\/\/archive.sana.sy\/es\/wp-content\/uploads\/2022\/03\/photo_2022-03-02_11-16-32-scaled.jpg\" class=\"attachment-full size-full\" alt=\"\" srcset=\"https:\/\/archive.sana.sy\/es\/wp-content\/uploads\/2022\/03\/photo_2022-03-02_11-16-32-scaled.jpg 2560w, https:\/\/archive.sana.sy\/es\/wp-content\/uploads\/2022\/03\/photo_2022-03-02_11-16-32-300x181.jpg 300w, https:\/\/archive.sana.sy\/es\/wp-content\/uploads\/2022\/03\/photo_2022-03-02_11-16-32-1024x618.jpg 1024w, https:\/\/archive.sana.sy\/es\/wp-content\/uploads\/2022\/03\/photo_2022-03-02_11-16-32-150x90.jpg 150w, https:\/\/archive.sana.sy\/es\/wp-content\/uploads\/2022\/03\/photo_2022-03-02_11-16-32-768x463.jpg 768w, https:\/\/archive.sana.sy\/es\/wp-content\/uploads\/2022\/03\/photo_2022-03-02_11-16-32-1536x926.jpg 1536w, https:\/\/archive.sana.sy\/es\/wp-content\/uploads\/2022\/03\/photo_2022-03-02_11-16-32-2048x1235.jpg 2048w\" sizes=\"(max-width: 2560px) 100vw, 2560px\" \/><\/a>\n\t\t\t<\/div><\/figure><figure class='gallery-item'>\n\t\t\t<div class='gallery-icon landscape'>\n\t\t\t\t<a href='https:\/\/archive.sana.sy\/es\/?attachment_id=220989'><img loading=\"lazy\" decoding=\"async\" width=\"2560\" height=\"1540\" src=\"https:\/\/archive.sana.sy\/es\/wp-content\/uploads\/2022\/03\/photo_2022-03-02_11-16-36-scaled.jpg\" class=\"attachment-full size-full\" alt=\"\" srcset=\"https:\/\/archive.sana.sy\/es\/wp-content\/uploads\/2022\/03\/photo_2022-03-02_11-16-36-scaled.jpg 2560w, https:\/\/archive.sana.sy\/es\/wp-content\/uploads\/2022\/03\/photo_2022-03-02_11-16-36-300x180.jpg 300w, https:\/\/archive.sana.sy\/es\/wp-content\/uploads\/2022\/03\/photo_2022-03-02_11-16-36-1024x616.jpg 1024w, https:\/\/archive.sana.sy\/es\/wp-content\/uploads\/2022\/03\/photo_2022-03-02_11-16-36-150x90.jpg 150w, https:\/\/archive.sana.sy\/es\/wp-content\/uploads\/2022\/03\/photo_2022-03-02_11-16-36-768x462.jpg 768w, https:\/\/archive.sana.sy\/es\/wp-content\/uploads\/2022\/03\/photo_2022-03-02_11-16-36-1536x924.jpg 1536w, https:\/\/archive.sana.sy\/es\/wp-content\/uploads\/2022\/03\/photo_2022-03-02_11-16-36-2048x1232.jpg 2048w\" sizes=\"(max-width: 2560px) 100vw, 2560px\" \/><\/a>\n\t\t\t<\/div><\/figure><figure class='gallery-item'>\n\t\t\t<div class='gallery-icon landscape'>\n\t\t\t\t<a href='https:\/\/archive.sana.sy\/es\/?attachment_id=220990'><img loading=\"lazy\" decoding=\"async\" width=\"2560\" height=\"1491\" src=\"https:\/\/archive.sana.sy\/es\/wp-content\/uploads\/2022\/03\/photo_2022-03-02_11-16-42-scaled.jpg\" class=\"attachment-full size-full\" alt=\"\" srcset=\"https:\/\/archive.sana.sy\/es\/wp-content\/uploads\/2022\/03\/photo_2022-03-02_11-16-42-scaled.jpg 2560w, https:\/\/archive.sana.sy\/es\/wp-content\/uploads\/2022\/03\/photo_2022-03-02_11-16-42-300x175.jpg 300w, https:\/\/archive.sana.sy\/es\/wp-content\/uploads\/2022\/03\/photo_2022-03-02_11-16-42-1024x597.jpg 1024w, https:\/\/archive.sana.sy\/es\/wp-content\/uploads\/2022\/03\/photo_2022-03-02_11-16-42-150x87.jpg 150w, https:\/\/archive.sana.sy\/es\/wp-content\/uploads\/2022\/03\/photo_2022-03-02_11-16-42-768x447.jpg 768w, https:\/\/archive.sana.sy\/es\/wp-content\/uploads\/2022\/03\/photo_2022-03-02_11-16-42-1536x895.jpg 1536w, https:\/\/archive.sana.sy\/es\/wp-content\/uploads\/2022\/03\/photo_2022-03-02_11-16-42-2048x1193.jpg 2048w\" sizes=\"(max-width: 2560px) 100vw, 2560px\" \/><\/a>\n\t\t\t<\/div><\/figure><figure class='gallery-item'>\n\t\t\t<div class='gallery-icon landscape'>\n\t\t\t\t<a href='https:\/\/archive.sana.sy\/es\/?attachment_id=220991'><img loading=\"lazy\" decoding=\"async\" width=\"2560\" height=\"1456\" src=\"https:\/\/archive.sana.sy\/es\/wp-content\/uploads\/2022\/03\/photo_2022-03-02_11-16-46-scaled.jpg\" class=\"attachment-full size-full\" alt=\"\" srcset=\"https:\/\/archive.sana.sy\/es\/wp-content\/uploads\/2022\/03\/photo_2022-03-02_11-16-46-scaled.jpg 2560w, https:\/\/archive.sana.sy\/es\/wp-content\/uploads\/2022\/03\/photo_2022-03-02_11-16-46-300x171.jpg 300w, https:\/\/archive.sana.sy\/es\/wp-content\/uploads\/2022\/03\/photo_2022-03-02_11-16-46-1024x582.jpg 1024w, https:\/\/archive.sana.sy\/es\/wp-content\/uploads\/2022\/03\/photo_2022-03-02_11-16-46-150x85.jpg 150w, https:\/\/archive.sana.sy\/es\/wp-content\/uploads\/2022\/03\/photo_2022-03-02_11-16-46-768x437.jpg 768w, https:\/\/archive.sana.sy\/es\/wp-content\/uploads\/2022\/03\/photo_2022-03-02_11-16-46-1536x874.jpg 1536w, https:\/\/archive.sana.sy\/es\/wp-content\/uploads\/2022\/03\/photo_2022-03-02_11-16-46-2048x1165.jpg 2048w\" sizes=\"(max-width: 2560px) 100vw, 2560px\" \/><\/a>\n\t\t\t<\/div><\/figure><figure class='gallery-item'>\n\t\t\t<div class='gallery-icon landscape'>\n\t\t\t\t<a href='https:\/\/archive.sana.sy\/es\/?attachment_id=220992'><img loading=\"lazy\" decoding=\"async\" width=\"2560\" height=\"1437\" src=\"https:\/\/archive.sana.sy\/es\/wp-content\/uploads\/2022\/03\/photo_2022-03-02_11-16-48-scaled.jpg\" class=\"attachment-full size-full\" alt=\"\" srcset=\"https:\/\/archive.sana.sy\/es\/wp-content\/uploads\/2022\/03\/photo_2022-03-02_11-16-48-scaled.jpg 2560w, https:\/\/archive.sana.sy\/es\/wp-content\/uploads\/2022\/03\/photo_2022-03-02_11-16-48-300x168.jpg 300w, https:\/\/archive.sana.sy\/es\/wp-content\/uploads\/2022\/03\/photo_2022-03-02_11-16-48-1024x575.jpg 1024w, https:\/\/archive.sana.sy\/es\/wp-content\/uploads\/2022\/03\/photo_2022-03-02_11-16-48-150x84.jpg 150w, https:\/\/archive.sana.sy\/es\/wp-content\/uploads\/2022\/03\/photo_2022-03-02_11-16-48-768x431.jpg 768w, https:\/\/archive.sana.sy\/es\/wp-content\/uploads\/2022\/03\/photo_2022-03-02_11-16-48-1536x862.jpg 1536w, https:\/\/archive.sana.sy\/es\/wp-content\/uploads\/2022\/03\/photo_2022-03-02_11-16-48-2048x1150.jpg 2048w\" sizes=\"(max-width: 2560px) 100vw, 2560px\" \/><\/a>\n\t\t\t<\/div><\/figure>\n\t\t<\/div>\n\n","protected":false},"excerpt":{"rendered":"<p>Alepo, 02 mar (SANA)\u00a0 Un nuevo centro para la reconciliaci\u00f3n fue abierto este mi\u00e9rcoles en la localidad de Tal Arn en la provincia de Alepo, en el marco de la iniciativa propuesta por el Estado Sirio para consolidar la seguridad en toda la provincia. Seg\u00fan inform\u00f3 la reportera de SANA, cientos de personas entre militares &hellip;<\/p>\n","protected":false},"author":35,"featured_media":221043,"comment_status":"closed","ping_status":"closed","sticky":false,"template":"","format":"standard","meta":{"footnotes":""},"categories":[447,477,597,476,7541],"tags":[],"class_list":["post-220987","post","type-post","status-publish","format-standard","has-post-thumbnail","","category-local-politica","category-noticias-edulcorantes","category-cinta-de-noticias","category-locales","category-ultimas-noticias"],"_links":{"self":[{"href":"https:\/\/archive.sana.sy\/es\/index.php?rest_route=\/wp\/v2\/posts\/220987"}],"collection":[{"href":"https:\/\/archive.sana.sy\/es\/index.php?rest_route=\/wp\/v2\/posts"}],"about":[{"href":"https:\/\/archive.sana.sy\/es\/index.php?rest_route=\/wp\/v2\/types\/post"}],"author":[{"embeddable":true,"href":"https:\/\/archive.sana.sy\/es\/index.php?rest_route=\/wp\/v2\/users\/35"}],"replies":[{"embeddable":true,"href":"https:\/\/archive.sana.sy\/es\/index.php?rest_route=%2Fwp%2Fv2%2Fcomments&post=220987"}],"version-history":[{"count":0,"href":"https:\/\/archive.sana.sy\/es\/index.php?rest_route=\/wp\/v2\/posts\/220987\/revisions"}],"wp:featuredmedia":[{"embeddable":true,"href":"https:\/\/archive.sana.sy\/es\/index.php?rest_route=\/wp\/v2\/media\/221043"}],"wp:attachment":[{"href":"https:\/\/archive.sana.sy\/es\/index.php?rest_route=%2Fwp%2Fv2%2Fmedia&parent=220987"}],"wp:term":[{"taxonomy":"category","embeddable":true,"href":"https:\/\/archive.sana.sy\/es\/index.php?rest_route=%2Fwp%2Fv2%2Fcategories&post=220987"},{"taxonomy":"post_tag","embeddable":true,"href":"https:\/\/archive.sana.sy\/es\/index.php?rest_route=%2Fwp%2Fv2%2Ftags&post=220987"}],"curies":[{"name":"wp","href":"https:\/\/api.w.org\/{rel}","templated":true}]}}