{"id":22102,"date":"2015-04-28T12:28:11","date_gmt":"2015-04-28T09:28:11","guid":{"rendered":"http:\/\/www.sana.sy\/es\/?p=22102"},"modified":"2015-04-28T12:28:32","modified_gmt":"2015-04-28T09:28:32","slug":"zarif-y-de-mistura-debaten-la-crisis-en-siria-y-los-preparativos-para-ginebra-iii","status":"publish","type":"post","link":"https:\/\/archive.sana.sy\/es\/?p=22102","title":{"rendered":"Zarif y de Mistura debaten la crisis en Siria y los preparativos para Ginebra III"},"content":{"rendered":"<div><span lang=\"ES-TRAD\" style=\"color: #ff0000\">Teher\u00e1n, SANA<\/span><\/div>\n<div><span lang=\"ES-TRAD\">\u00a0<\/span><\/div>\n<div><span lang=\"ES-TRAD\">El ministro de Exteriores de Ir\u00e1n, Mohammad Javad Zarif, examin\u00f3 con el enviado especial de la ONU a Siria, Staffan de Mistura, la crisis en Siria y los preparativos para la Conferencia de Ginebra III.<\/span><\/div>\n<div><span lang=\"ES-TRAD\">\u00a0<\/span><\/div>\n<div><span lang=\"ES-TRAD\">La reuni\u00f3n sostenida entre ambos tuvo lugar al margen de la Conferencia de Revisi\u00f3n del Tratado de No Proliferaci\u00f3n de las Armas Nucleares que est\u00e1 teniendo lugar en Nueva York.<\/span><\/div>\n<div><span lang=\"ES-TRAD\">\u00a0<\/span><\/div>\n<div><span lang=\"ES-TRAD\">De Mistura describi\u00f3 la reuni\u00f3n como &#8220;positiva y constructiva&#8221; y dijo que entreg\u00f3 una invitaci\u00f3n oficial a Ir\u00e1n para participar en la Conferencia de Ginebra III.<\/span><\/div>\n<div><span lang=\"ES-TRAD\">\u00a0<\/span><\/div>\n<div><span lang=\"ES-TRAD\">El enviado de la ONU destac\u00f3 que ignorar el papel de Ir\u00e1n en la resoluci\u00f3n de la crisis en Siria es un grave error.<\/span><\/div>\n<div><span lang=\"ES-TRAD\">\u00a0<\/span><\/div>\n<div><span lang=\"ES-TRAD\">Asimismo, critic\u00f3 la falta de cooperaci\u00f3n de algunos pa\u00edses de la regi\u00f3n y m\u00e1s all\u00e1 con su misi\u00f3n sobre la crisis en Siria.<\/span><\/div>\n<div><span lang=\"ES-TRAD\">\u00a0<\/span><\/div>\n<div><span lang=\"ES-TRAD\">Zarif, a su vez, expres\u00f3 su preocupaci\u00f3n por el papel negativo de algunos pa\u00edses en la profundizaci\u00f3n de la crisis en Siria y expres\u00f3 la disposici\u00f3n de Ir\u00e1n de apoyar los esfuerzos de De Mistura para encontrar una soluci\u00f3n pol\u00edtica y restablecer la seguridad en Siria.<\/span><\/div>\n<div><span lang=\"ES-TRAD\">\u00a0<\/span><\/div>\n<div><span lang=\"ES-TRAD\" style=\"color: #3366ff\">Ir\u00e1n y Argelia renuevan su llamado para una soluci\u00f3n pol\u00edtica a la crisis en Siria y Yemen<\/span><\/div>\n<div><span lang=\"ES-TRAD\" style=\"color: #3366ff\">\u00a0<\/span><\/div>\n<div><span lang=\"ES-TRAD\">En un contexto relacionado, Ir\u00e1n y Argelia reiteraron su llamado a trabajar para la b\u00fasqueda de una soluci\u00f3n pol\u00edtica a la crisis en Siria y Yemen.<\/span><\/div>\n<div><span lang=\"ES-TRAD\">\u00a0<\/span><\/div>\n<div><span lang=\"ES-TRAD\">La agencia de noticias iran\u00ed &#8220;IRNA&#8221; inform\u00f3 que Zarif y su hom\u00f3logo argelino discutieron los \u00faltimos acontecimientos en la regi\u00f3n, en particular la situaci\u00f3n en Yemen y Siria.<\/span><\/div>\n<div><\/div>\n<div><span lang=\"ES-TRAD\"><span style=\"color: #00ccff\">Fady M., Hala B.<\/span><br \/>\n<\/span><\/div>\n","protected":false},"excerpt":{"rendered":"<p>Teher\u00e1n, SANA \u00a0 El ministro de Exteriores de Ir\u00e1n, Mohammad Javad Zarif, examin\u00f3 con el enviado especial de la ONU a Siria, Staffan de Mistura, la crisis en Siria y los preparativos para la Conferencia de Ginebra III. \u00a0 La reuni\u00f3n sostenida entre ambos tuvo lugar al margen de la Conferencia de Revisi\u00f3n del Tratado &hellip;<\/p>\n","protected":false},"author":1,"featured_media":22104,"comment_status":"closed","ping_status":"closed","sticky":false,"template":"","format":"standard","meta":{"footnotes":""},"categories":[456,576],"tags":[5028],"class_list":["post-22102","post","type-post","status-publish","format-standard","has-post-thumbnail","","category-arabe-internacional-politica","category-noticias-politicas","tag-zarif-y-de-mistura-debaten-la-crisis-en-siria-y-los-preparativos-para-ginebra-iii"],"_links":{"self":[{"href":"https:\/\/archive.sana.sy\/es\/index.php?rest_route=\/wp\/v2\/posts\/22102"}],"collection":[{"href":"https:\/\/archive.sana.sy\/es\/index.php?rest_route=\/wp\/v2\/posts"}],"about":[{"href":"https:\/\/archive.sana.sy\/es\/index.php?rest_route=\/wp\/v2\/types\/post"}],"author":[{"embeddable":true,"href":"https:\/\/archive.sana.sy\/es\/index.php?rest_route=\/wp\/v2\/users\/1"}],"replies":[{"embeddable":true,"href":"https:\/\/archive.sana.sy\/es\/index.php?rest_route=%2Fwp%2Fv2%2Fcomments&post=22102"}],"version-history":[{"count":0,"href":"https:\/\/archive.sana.sy\/es\/index.php?rest_route=\/wp\/v2\/posts\/22102\/revisions"}],"wp:featuredmedia":[{"embeddable":true,"href":"https:\/\/archive.sana.sy\/es\/index.php?rest_route=\/wp\/v2\/media\/22104"}],"wp:attachment":[{"href":"https:\/\/archive.sana.sy\/es\/index.php?rest_route=%2Fwp%2Fv2%2Fmedia&parent=22102"}],"wp:term":[{"taxonomy":"category","embeddable":true,"href":"https:\/\/archive.sana.sy\/es\/index.php?rest_route=%2Fwp%2Fv2%2Fcategories&post=22102"},{"taxonomy":"post_tag","embeddable":true,"href":"https:\/\/archive.sana.sy\/es\/index.php?rest_route=%2Fwp%2Fv2%2Ftags&post=22102"}],"curies":[{"name":"wp","href":"https:\/\/api.w.org\/{rel}","templated":true}]}}