{"id":221048,"date":"2022-03-02T18:15:56","date_gmt":"2022-03-02T16:15:56","guid":{"rendered":"http:\/\/107.6.182.27\/es\/?p=221048"},"modified":"2023-01-10T14:19:55","modified_gmt":"2023-01-10T12:19:55","slug":"continua-exitosamente-proceso-de-indulto-de-fugitivos-en-el-norte-del-pais","status":"publish","type":"post","link":"https:\/\/archive.sana.sy\/es\/?p=221048","title":{"rendered":"Contin\u00faa exitosamente proceso de indulto de fugitivos en el norte del pa\u00eds"},"content":{"rendered":"<p><span style=\"color: #800000\"><strong>Provincias, 02 mar (SANA)<\/strong> <\/span>Decenas de fugitivos se unieron hoy a la iniciativa de paz lanada por el gobierno al acudir a los centros de la ciudad de Deir Ezzor y el pueblo de al-Sabkha en Raqa para que las autoridades competentes normalicen su estatus jur\u00eddico.<\/p>\n<p>Fugitivos militares destacaron que ellos volver\u00e1n a luchar entre las filas del Ej\u00e9rcito sirio para restaurar la estabilidad en el pa\u00eds, y otros expresaron su satisfacci\u00f3n por su vuelta a la vida normal.<\/p>\n<div id='gallery-1' class='gallery galleryid-221048 gallery-columns-1 gallery-size-large'><figure class='gallery-item'>\n\t\t\t<div class='gallery-icon landscape'>\n\t\t\t\t<a href='https:\/\/archive.sana.sy\/es\/wp-content\/uploads\/2022\/03\/Deir-Ezzor.jpg'><img loading=\"lazy\" decoding=\"async\" width=\"618\" height=\"400\" src=\"https:\/\/archive.sana.sy\/es\/wp-content\/uploads\/2022\/03\/Deir-Ezzor-1024x662.jpg\" class=\"attachment-large size-large\" alt=\"\" srcset=\"https:\/\/archive.sana.sy\/es\/wp-content\/uploads\/2022\/03\/Deir-Ezzor-1024x662.jpg 1024w, https:\/\/archive.sana.sy\/es\/wp-content\/uploads\/2022\/03\/Deir-Ezzor-300x194.jpg 300w, https:\/\/archive.sana.sy\/es\/wp-content\/uploads\/2022\/03\/Deir-Ezzor-150x97.jpg 150w, https:\/\/archive.sana.sy\/es\/wp-content\/uploads\/2022\/03\/Deir-Ezzor-768x496.jpg 768w, https:\/\/archive.sana.sy\/es\/wp-content\/uploads\/2022\/03\/Deir-Ezzor-1536x992.jpg 1536w, https:\/\/archive.sana.sy\/es\/wp-content\/uploads\/2022\/03\/Deir-Ezzor-2048x1323.jpg 2048w\" sizes=\"(max-width: 618px) 100vw, 618px\" \/><\/a>\n\t\t\t<\/div><\/figure>\n\t\t<\/div>\n\n<p>&nbsp;<\/p>\n<p>la<\/p>\n","protected":false},"excerpt":{"rendered":"<p>Provincias, 02 mar (SANA) Decenas de fugitivos se unieron hoy a la iniciativa de paz lanada por el gobierno al acudir a los centros de la ciudad de Deir Ezzor y el pueblo de al-Sabkha en Raqa para que las autoridades competentes normalicen su estatus jur\u00eddico. Fugitivos militares destacaron que ellos volver\u00e1n a luchar entre &hellip;<\/p>\n","protected":false},"author":24,"featured_media":221049,"comment_status":"closed","ping_status":"closed","sticky":false,"template":"","format":"standard","meta":{"footnotes":""},"categories":[447,597,476],"tags":[],"class_list":["post-221048","post","type-post","status-publish","format-standard","has-post-thumbnail","","category-local-politica","category-cinta-de-noticias","category-locales"],"_links":{"self":[{"href":"https:\/\/archive.sana.sy\/es\/index.php?rest_route=\/wp\/v2\/posts\/221048"}],"collection":[{"href":"https:\/\/archive.sana.sy\/es\/index.php?rest_route=\/wp\/v2\/posts"}],"about":[{"href":"https:\/\/archive.sana.sy\/es\/index.php?rest_route=\/wp\/v2\/types\/post"}],"author":[{"embeddable":true,"href":"https:\/\/archive.sana.sy\/es\/index.php?rest_route=\/wp\/v2\/users\/24"}],"replies":[{"embeddable":true,"href":"https:\/\/archive.sana.sy\/es\/index.php?rest_route=%2Fwp%2Fv2%2Fcomments&post=221048"}],"version-history":[{"count":0,"href":"https:\/\/archive.sana.sy\/es\/index.php?rest_route=\/wp\/v2\/posts\/221048\/revisions"}],"wp:featuredmedia":[{"embeddable":true,"href":"https:\/\/archive.sana.sy\/es\/index.php?rest_route=\/wp\/v2\/media\/221049"}],"wp:attachment":[{"href":"https:\/\/archive.sana.sy\/es\/index.php?rest_route=%2Fwp%2Fv2%2Fmedia&parent=221048"}],"wp:term":[{"taxonomy":"category","embeddable":true,"href":"https:\/\/archive.sana.sy\/es\/index.php?rest_route=%2Fwp%2Fv2%2Fcategories&post=221048"},{"taxonomy":"post_tag","embeddable":true,"href":"https:\/\/archive.sana.sy\/es\/index.php?rest_route=%2Fwp%2Fv2%2Ftags&post=221048"}],"curies":[{"name":"wp","href":"https:\/\/api.w.org\/{rel}","templated":true}]}}