{"id":221060,"date":"2022-03-02T19:45:01","date_gmt":"2022-03-02T17:45:01","guid":{"rendered":"http:\/\/107.6.182.27\/es\/?p=221060"},"modified":"2023-01-10T16:38:19","modified_gmt":"2023-01-10T14:38:19","slug":"lavrov-sanciones-contra-rusia-significan-que-a-occidente-no-le-importan-sus-principios","status":"publish","type":"post","link":"https:\/\/archive.sana.sy\/es\/?p=221060","title":{"rendered":"Lavrov: Sanciones contra Rusia significan que a Occidente no le importan sus principios"},"content":{"rendered":"<p style=\"text-align: justify;\"><strong><span style=\"color: #800000;\">Mosc\u00fa, 2 mar (SANA)<\/span> <\/strong>El ministro de Relaciones Exteriores de Rusia denunci\u00f3 hoy mi\u00e9rcoles una vez m\u00e1s las sanciones occidentales impuestas a su pa\u00eds, diciendo que \u201c dichas sanciones significan que a Occidente no le importaron sus principios\u201d.<\/p>\n<p style=\"text-align: justify;\">La agencia de noticias Sputnik cit\u00f3 a Lavrov diciendo que Occidente, mediante sus sanciones contra Rusia, incluida la incautaci\u00f3n de los activos del Banco Central de Rusia, no se preocup\u00f3 por todos sus principios&#8230; e incluso se neg\u00f3 a reconocer la igualdad de derechos de Rusia en la regulaci\u00f3n de la estructura de seguridad europea.<\/p>\n<p style=\"text-align: justify;\">Lavrov indic\u00f3 que el presidente estadounidense, Joe Biden, es quien responde a la posibilidad de una guerra nuclear o no, indicando que Ucrania tiene la capacidad t\u00e9cnica para fabricar armas nucleares y Rusia no lo permitir\u00e1.<\/p>\n<p style=\"text-align: justify;\">\u201cLas demandas rusas de Ucrania no pueden describirse como una rendici\u00f3n\u201d, explic\u00f3, y agreg\u00f3 que Rusia est\u00e1 haciendo todo lo posible para evitar bajas entre la poblaci\u00f3n civil durante la operaci\u00f3n especial y presentar\u00e1 a Ucrania un acuerdo que garantice los derechos legales de todos los pueblos de este pa\u00eds.<\/p>\n<p style=\"text-align: justify;\">\u201cDespu\u00e9s de que termine el conflicto, los propios ucranianos deben decidir c\u00f3mo continuar viviendo, y Ucrania debe someterse a la expulsi\u00f3n del nazismo como lo hizo Alemania en el pasado\u201d, manifest\u00f3.<\/p>\n<p style=\"text-align: justify;\">El canciller ruso explic\u00f3 que el objetivo de la operaci\u00f3n en Ucrania es identificar ciertos tipos de armas ofensivas que nunca se desplegar\u00e1n all\u00ed, se\u00f1alando que Rusia est\u00e1 lista para discutir el tema de las garant\u00edas de seguridad durante la segunda ronda de negociaciones con Ucrania, pero no discutir\u00e1 el tema de Crimea porque &#8220;este tema est\u00e1 cerrado&#8221;.<\/p>\n<p><em>mm<\/em><\/p>\n","protected":false},"excerpt":{"rendered":"<p>Mosc\u00fa, 2 mar (SANA) El ministro de Relaciones Exteriores de Rusia denunci\u00f3 hoy mi\u00e9rcoles una vez m\u00e1s las sanciones occidentales impuestas a su pa\u00eds, diciendo que \u201c dichas sanciones significan que a Occidente no le importaron sus principios\u201d. La agencia de noticias Sputnik cit\u00f3 a Lavrov diciendo que Occidente, mediante sus sanciones contra Rusia, incluida &hellip;<\/p>\n","protected":false},"author":36,"featured_media":221061,"comment_status":"closed","ping_status":"closed","sticky":false,"template":"","format":"standard","meta":{"footnotes":""},"categories":[597,456,457],"tags":[],"class_list":["post-221060","post","type-post","status-publish","format-standard","has-post-thumbnail","","category-cinta-de-noticias","category-arabe-internacional-politica","category-noticias-arabe-internacional-politica"],"_links":{"self":[{"href":"https:\/\/archive.sana.sy\/es\/index.php?rest_route=\/wp\/v2\/posts\/221060"}],"collection":[{"href":"https:\/\/archive.sana.sy\/es\/index.php?rest_route=\/wp\/v2\/posts"}],"about":[{"href":"https:\/\/archive.sana.sy\/es\/index.php?rest_route=\/wp\/v2\/types\/post"}],"author":[{"embeddable":true,"href":"https:\/\/archive.sana.sy\/es\/index.php?rest_route=\/wp\/v2\/users\/36"}],"replies":[{"embeddable":true,"href":"https:\/\/archive.sana.sy\/es\/index.php?rest_route=%2Fwp%2Fv2%2Fcomments&post=221060"}],"version-history":[{"count":0,"href":"https:\/\/archive.sana.sy\/es\/index.php?rest_route=\/wp\/v2\/posts\/221060\/revisions"}],"wp:featuredmedia":[{"embeddable":true,"href":"https:\/\/archive.sana.sy\/es\/index.php?rest_route=\/wp\/v2\/media\/221061"}],"wp:attachment":[{"href":"https:\/\/archive.sana.sy\/es\/index.php?rest_route=%2Fwp%2Fv2%2Fmedia&parent=221060"}],"wp:term":[{"taxonomy":"category","embeddable":true,"href":"https:\/\/archive.sana.sy\/es\/index.php?rest_route=%2Fwp%2Fv2%2Fcategories&post=221060"},{"taxonomy":"post_tag","embeddable":true,"href":"https:\/\/archive.sana.sy\/es\/index.php?rest_route=%2Fwp%2Fv2%2Ftags&post=221060"}],"curies":[{"name":"wp","href":"https:\/\/api.w.org\/{rel}","templated":true}]}}