{"id":221065,"date":"2022-03-02T20:00:27","date_gmt":"2022-03-02T18:00:27","guid":{"rendered":"http:\/\/107.6.182.27\/es\/?p=221065"},"modified":"2022-03-02T20:00:27","modified_gmt":"2022-03-02T18:00:27","slug":"conversaciones-sirio-iraquies-para-promover-cooperacion-en-materia-comercial-y-energetica","status":"publish","type":"post","link":"https:\/\/archive.sana.sy\/es\/?p=221065","title":{"rendered":"Conversaciones sirio-iraqu\u00edes para promover cooperaci\u00f3n en materia comercial y energ\u00e9tica"},"content":{"rendered":"<p style=\"text-align: justify\"><span style=\"color: #800000\"><strong>Damasco, 02 mar (SANA)<\/strong> <\/span>El primer ministro, Hussein Arnous, abord\u00f3 en una llamada telef\u00f3nica hoy con su hom\u00f3logo iraqu\u00ed Mustafa al-Kazemi las v\u00edas de mejorar la cooperaci\u00f3n conjunta en las \u00e1reas econ\u00f3micas, agr\u00edcolas, industriales, comerciales y de servicios.<\/p>\n<p style=\"text-align: justify\">La conversaci\u00f3n telef\u00f3nica gir\u00f3 tambi\u00e9n en torno a blindar la cooperaci\u00f3n binacional en el sector de energ\u00eda y la inversi\u00f3n \u00f3ptima en los recursos y la infraestructura en ambas naciones a la luz de la inestabilidad que sufren los mercados energ\u00e9ticos a nivel internacional.<\/p>\n<p style=\"text-align: justify\">Ambas partes subrayaron los desaf\u00edos que enfrenta el sector del agua en los dos pa\u00edses, resaltaron la necesidad de una constante coordinaci\u00f3n conjunta para garantizar la gesti\u00f3n racional de los recursos h\u00eddricos y recuperar los derechos de Siria e Irak de acuerdo con los tratados y leyes internacionales.<\/p>\n<p style=\"text-align: justify\">\n<p style=\"text-align: justify\">la<\/p>\n","protected":false},"excerpt":{"rendered":"<p>Damasco, 02 mar (SANA) El primer ministro, Hussein Arnous, abord\u00f3 en una llamada telef\u00f3nica hoy con su hom\u00f3logo iraqu\u00ed Mustafa al-Kazemi las v\u00edas de mejorar la cooperaci\u00f3n conjunta en las \u00e1reas econ\u00f3micas, agr\u00edcolas, industriales, comerciales y de servicios. La conversaci\u00f3n telef\u00f3nica gir\u00f3 tambi\u00e9n en torno a blindar la cooperaci\u00f3n binacional en el sector de energ\u00eda &hellip;<\/p>\n","protected":false},"author":24,"featured_media":221066,"comment_status":"closed","ping_status":"closed","sticky":false,"template":"","format":"standard","meta":{"footnotes":""},"categories":[597,467,7541],"tags":[],"class_list":["post-221065","post","type-post","status-publish","format-standard","has-post-thumbnail","","category-cinta-de-noticias","category-siria-y-el-mundo","category-ultimas-noticias"],"_links":{"self":[{"href":"https:\/\/archive.sana.sy\/es\/index.php?rest_route=\/wp\/v2\/posts\/221065"}],"collection":[{"href":"https:\/\/archive.sana.sy\/es\/index.php?rest_route=\/wp\/v2\/posts"}],"about":[{"href":"https:\/\/archive.sana.sy\/es\/index.php?rest_route=\/wp\/v2\/types\/post"}],"author":[{"embeddable":true,"href":"https:\/\/archive.sana.sy\/es\/index.php?rest_route=\/wp\/v2\/users\/24"}],"replies":[{"embeddable":true,"href":"https:\/\/archive.sana.sy\/es\/index.php?rest_route=%2Fwp%2Fv2%2Fcomments&post=221065"}],"version-history":[{"count":0,"href":"https:\/\/archive.sana.sy\/es\/index.php?rest_route=\/wp\/v2\/posts\/221065\/revisions"}],"wp:featuredmedia":[{"embeddable":true,"href":"https:\/\/archive.sana.sy\/es\/index.php?rest_route=\/wp\/v2\/media\/221066"}],"wp:attachment":[{"href":"https:\/\/archive.sana.sy\/es\/index.php?rest_route=%2Fwp%2Fv2%2Fmedia&parent=221065"}],"wp:term":[{"taxonomy":"category","embeddable":true,"href":"https:\/\/archive.sana.sy\/es\/index.php?rest_route=%2Fwp%2Fv2%2Fcategories&post=221065"},{"taxonomy":"post_tag","embeddable":true,"href":"https:\/\/archive.sana.sy\/es\/index.php?rest_route=%2Fwp%2Fv2%2Ftags&post=221065"}],"curies":[{"name":"wp","href":"https:\/\/api.w.org\/{rel}","templated":true}]}}