{"id":221080,"date":"2022-03-02T20:53:42","date_gmt":"2022-03-02T18:53:42","guid":{"rendered":"http:\/\/107.6.182.27\/es\/?p=221080"},"modified":"2023-01-10T16:38:18","modified_gmt":"2023-01-10T14:38:18","slug":"defensa-rusa-bajas-de-las-fuerzas-ucranianas-superan-los-2-870-muertos-y-unos-3-700-heridos","status":"publish","type":"post","link":"https:\/\/archive.sana.sy\/es\/?p=221080","title":{"rendered":"Defensa rusa: bajas de las fuerzas ucranianas superan los 2.870 muertos y unos 3.700 heridos"},"content":{"rendered":"<p style=\"text-align: justify;\"><strong><span style=\"color: #800000;\">Mosc\u00fa, 2 mar (SANA)<\/span>\u00a0 \u00a0<\/strong>El Ministerio de Defensa ruso anunci\u00f3 hoy que 498 soldados rusos murieron en el cumplimiento de su deber en la operaci\u00f3n militar especial en Ucrania, se\u00f1alando al mismo tiempo que las p\u00e9rdidas de las fuerzas ucranianas superaron los 2.870 muertos.<\/p>\n<p style=\"text-align: justify;\">El portavoz del ministerio, Igor Konashenkov, detall\u00f3 a trav\u00e9s de un comunicado que 1.597 soldados rusos resultaron heridos durante la operaci\u00f3n, y agreg\u00f3 que las bajas en las filas de los batallones nacionalistas y miembros de las fuerzas armadas ucranianas superan los 2.870 muertos y unos 3.700 heridos, adem\u00e1s de capturar a unos 572 soldados ucranianos.<\/p>\n<p style=\"text-align: justify;\">Konashenkov revel\u00f3 que las fuerzas rusas contin\u00faan atacando los sitios de infraestructura militar en Ucrania, y explic\u00f3 que esto result\u00f3 en la destrucci\u00f3n de 1.533 sitios, incluidos 54 centros de comando y puntos de comunicaci\u00f3n de las Fuerzas Armadas de Ucrania, 39 sistemas antia\u00e9reos del modelo S- 300, Buk-M1 y Osa, as\u00ed como 52 estaciones de radar.<\/p>\n<p style=\"text-align: justify;\">Agreg\u00f3 que la operaci\u00f3n result\u00f3 en la destrucci\u00f3n de 47 aviones militares ucranianos en tierra y el derribo de 13 aviones en el aire, adem\u00e1s de la destrucci\u00f3n de 484 tanques y otros veh\u00edculos blindados, 63 lanzacohetes, 217 ca\u00f1ones de campo, 336 piezas de veh\u00edculos militares especiales y 47 drones.<\/p>\n<p style=\"text-align: justify;\">Konashenkov se\u00f1al\u00f3 que el avance de las fuerzas de la Rep\u00fablica Popular de Lugansk result\u00f3 en su control de varias ciudades nuevas, mientras que el grupo de fuerzas de la Rep\u00fablica Popular de Donetsk complet\u00f3 el sitio de la ciudad de Mariupol en la costa del Mar de Azov.<\/p>\n<p style=\"text-align: justify;\">El portavoz militar ruso subray\u00f3 que las fuerzas rusas est\u00e1n tomando medidas para garantizar la seguridad de la poblaci\u00f3n civil en Ucrania, incluso en la ciudad de Mariupol, donde miembros de las brigadas nacionalistas ucranianas han desplegado veh\u00edculos blindados y artiller\u00eda, incluidos lanzacohetes, en zonas residenciales.<\/p>\n<p>Seg\u00fan explica Konashenkov, los residentes de Mariupol pueden salir a trav\u00e9s de un corredor seguro que se abri\u00f3 en la parte oriental, y agreg\u00f3 que se abrieron corredores similares para garantizar la salida de quienes lo deseen desde la capital Kiev y la ciudad de J\u00e1rkov en el este de Ucrania.<\/p>\n<p><em>mm<\/em><\/p>\n<p>&nbsp;<\/p>\n","protected":false},"excerpt":{"rendered":"<p>Mosc\u00fa, 2 mar (SANA)\u00a0 \u00a0El Ministerio de Defensa ruso anunci\u00f3 hoy que 498 soldados rusos murieron en el cumplimiento de su deber en la operaci\u00f3n militar especial en Ucrania, se\u00f1alando al mismo tiempo que las p\u00e9rdidas de las fuerzas ucranianas superaron los 2.870 muertos. El portavoz del ministerio, Igor Konashenkov, detall\u00f3 a trav\u00e9s de un &hellip;<\/p>\n","protected":false},"author":36,"featured_media":221081,"comment_status":"closed","ping_status":"closed","sticky":false,"template":"","format":"standard","meta":{"footnotes":""},"categories":[597,456,457],"tags":[],"class_list":["post-221080","post","type-post","status-publish","format-standard","has-post-thumbnail","","category-cinta-de-noticias","category-arabe-internacional-politica","category-noticias-arabe-internacional-politica"],"_links":{"self":[{"href":"https:\/\/archive.sana.sy\/es\/index.php?rest_route=\/wp\/v2\/posts\/221080"}],"collection":[{"href":"https:\/\/archive.sana.sy\/es\/index.php?rest_route=\/wp\/v2\/posts"}],"about":[{"href":"https:\/\/archive.sana.sy\/es\/index.php?rest_route=\/wp\/v2\/types\/post"}],"author":[{"embeddable":true,"href":"https:\/\/archive.sana.sy\/es\/index.php?rest_route=\/wp\/v2\/users\/36"}],"replies":[{"embeddable":true,"href":"https:\/\/archive.sana.sy\/es\/index.php?rest_route=%2Fwp%2Fv2%2Fcomments&post=221080"}],"version-history":[{"count":0,"href":"https:\/\/archive.sana.sy\/es\/index.php?rest_route=\/wp\/v2\/posts\/221080\/revisions"}],"wp:featuredmedia":[{"embeddable":true,"href":"https:\/\/archive.sana.sy\/es\/index.php?rest_route=\/wp\/v2\/media\/221081"}],"wp:attachment":[{"href":"https:\/\/archive.sana.sy\/es\/index.php?rest_route=%2Fwp%2Fv2%2Fmedia&parent=221080"}],"wp:term":[{"taxonomy":"category","embeddable":true,"href":"https:\/\/archive.sana.sy\/es\/index.php?rest_route=%2Fwp%2Fv2%2Fcategories&post=221080"},{"taxonomy":"post_tag","embeddable":true,"href":"https:\/\/archive.sana.sy\/es\/index.php?rest_route=%2Fwp%2Fv2%2Ftags&post=221080"}],"curies":[{"name":"wp","href":"https:\/\/api.w.org\/{rel}","templated":true}]}}