{"id":221084,"date":"2022-03-02T21:22:54","date_gmt":"2022-03-02T19:22:54","guid":{"rendered":"http:\/\/107.6.182.27\/es\/?p=221084"},"modified":"2023-01-10T16:38:18","modified_gmt":"2023-01-10T14:38:18","slug":"ucrania-reconoce-el-trato-racista-hacia-los-extranjeros-en-las-fronteras","status":"publish","type":"post","link":"https:\/\/archive.sana.sy\/es\/?p=221084","title":{"rendered":"Ucrania reconoce el trato racista hacia los extranjeros en las fronteras"},"content":{"rendered":"<p style=\"text-align: justify;\"><strong><span style=\"color: #800000;\">Kiev, 2 mar (SANA)<\/span><\/strong> El gobierno ucraniano ha reconocido p\u00fablicamente que los extranjeros que buscan huir del pa\u00eds, durante la operaci\u00f3n militar especial rusa que comenz\u00f3 el pasado jueves, han enfrentado un trato racista .<\/p>\n<p style=\"text-align: justify;\">El ministro de Exteriores de Ucrania, Dmytro Kuleba, escribi\u00f3 en un mensaje en Twitter que el ataque ruso hab\u00eda \u201cafectado a los ucranianos y a los no ciudadanos de muchas maneras\u201d.<\/p>\n<p style=\"text-align: justify;\">\u201cLos africanos que buscan la evacuaci\u00f3n deben tener las mismas oportunidades para regresar a sus pa\u00edses de origen de manera segura\u201d, dijo el funcionario, y agreg\u00f3 que el gobierno de Ucrania \u201cno escatima esfuerzos para resolver el problema\u201d.<\/p>\n<p style=\"text-align: justify;\">Numerosos informes en los \u00faltimos d\u00edas muestran que nacionales no europeos, incluidos \u00e1rabes y africanos, padecen un trato racista mientras intentan huir de las ciudades atacadas, donde se les impidi\u00f3 abordar autobuses y trenes, adem\u00e1s de esperar horas en el fr\u00edo en la frontera con Polonia.<\/p>\n<p style=\"text-align: justify;\">Naciones Unidos, por su parte, tambi\u00e9n reconoci\u00f3 el pasado martes \u201ctratamiento diferente\u201d entre los ucranianos y los \u201cno ucranianos\u201d.<\/p>\n<p style=\"text-align: justify;\">Adem\u00e1s, La Uni\u00f3n Africana tambi\u00e9n conden\u00f3 ayer el trato racista contra los ciudadanos de sus pa\u00edses residentes en Ucrania, y consider\u00f3 tales pr\u00e1cticas como inaceptables y violaciones del derecho internacional.<\/p>\n<p style=\"text-align: justify;\">Las fuerzas rusas contin\u00faan por s\u00e9ptimo d\u00eda consecutivo con su operaci\u00f3n militar especial, que comenz\u00f3 en la regi\u00f3n de Donbass para proteger a la poblaci\u00f3n.<\/p>\n<p><em>mm<\/em><\/p>\n","protected":false},"excerpt":{"rendered":"<p>Kiev, 2 mar (SANA) El gobierno ucraniano ha reconocido p\u00fablicamente que los extranjeros que buscan huir del pa\u00eds, durante la operaci\u00f3n militar especial rusa que comenz\u00f3 el pasado jueves, han enfrentado un trato racista . El ministro de Exteriores de Ucrania, Dmytro Kuleba, escribi\u00f3 en un mensaje en Twitter que el ataque ruso hab\u00eda \u201cafectado &hellip;<\/p>\n","protected":false},"author":36,"featured_media":221085,"comment_status":"closed","ping_status":"closed","sticky":false,"template":"","format":"standard","meta":{"footnotes":""},"categories":[597,456,457],"tags":[],"class_list":["post-221084","post","type-post","status-publish","format-standard","has-post-thumbnail","","category-cinta-de-noticias","category-arabe-internacional-politica","category-noticias-arabe-internacional-politica"],"_links":{"self":[{"href":"https:\/\/archive.sana.sy\/es\/index.php?rest_route=\/wp\/v2\/posts\/221084"}],"collection":[{"href":"https:\/\/archive.sana.sy\/es\/index.php?rest_route=\/wp\/v2\/posts"}],"about":[{"href":"https:\/\/archive.sana.sy\/es\/index.php?rest_route=\/wp\/v2\/types\/post"}],"author":[{"embeddable":true,"href":"https:\/\/archive.sana.sy\/es\/index.php?rest_route=\/wp\/v2\/users\/36"}],"replies":[{"embeddable":true,"href":"https:\/\/archive.sana.sy\/es\/index.php?rest_route=%2Fwp%2Fv2%2Fcomments&post=221084"}],"version-history":[{"count":0,"href":"https:\/\/archive.sana.sy\/es\/index.php?rest_route=\/wp\/v2\/posts\/221084\/revisions"}],"wp:featuredmedia":[{"embeddable":true,"href":"https:\/\/archive.sana.sy\/es\/index.php?rest_route=\/wp\/v2\/media\/221085"}],"wp:attachment":[{"href":"https:\/\/archive.sana.sy\/es\/index.php?rest_route=%2Fwp%2Fv2%2Fmedia&parent=221084"}],"wp:term":[{"taxonomy":"category","embeddable":true,"href":"https:\/\/archive.sana.sy\/es\/index.php?rest_route=%2Fwp%2Fv2%2Fcategories&post=221084"},{"taxonomy":"post_tag","embeddable":true,"href":"https:\/\/archive.sana.sy\/es\/index.php?rest_route=%2Fwp%2Fv2%2Ftags&post=221084"}],"curies":[{"name":"wp","href":"https:\/\/api.w.org\/{rel}","templated":true}]}}