{"id":221114,"date":"2022-03-03T10:43:13","date_gmt":"2022-03-03T08:43:13","guid":{"rendered":"http:\/\/107.6.182.27\/es\/?p=221114"},"modified":"2023-01-10T16:38:18","modified_gmt":"2023-01-10T14:38:18","slug":"extremistas-ucranianos-impiden-a-los-residentes-de-mariupol-de-salir-por-los-corredores-humanitarios","status":"publish","type":"post","link":"https:\/\/archive.sana.sy\/es\/?p=221114","title":{"rendered":"Extremistas ucranianos impiden a los residentes de Mari\u00fapol de salir por los corredores humanitarios"},"content":{"rendered":"<p style=\"text-align: justify;\"><strong><span style=\"color: #800000;\">Donetsk, 3 mar (SANA)\u00a0<\/span> <\/strong>\u00a0El subcomandante de las Fuerzas Populares de la Rep\u00fablica de Donetsk, Eduard Basurin, afirm\u00f3 que los extremistas ucranianos impiden que los residentes de Mari\u00fapol salgan por los corredores humanitarios y los utilizan como escudos humanos.<\/p>\n<p style=\"text-align: justify;\">Citado por Sputnik, Basurin dijo que la ciudad enfrenta escasez de agua, adem\u00e1s del deterioro de la situaci\u00f3n humanitaria debido a las pr\u00e1cticas de los extremistas ucranianos.<\/p>\n<p style=\"text-align: justify;\">Advirti\u00f3 que el ej\u00e9rcito ucraniano ser\u00e1 blanco de ataques si sus militares no entregan sus armas.<\/p>\n<p style=\"text-align: justify;\">En la v\u00edspera, Basurin anunci\u00f3 la finalizaci\u00f3n de un proceso de negociaci\u00f3n para persuadir al enemigo a que deponga las armas o abandone la ciudad para que la poblaci\u00f3n civil no sufra, y se\u00f1al\u00f3 que se ha abierto un corredor humanitario para que los residentes abandonen la ciudad.<\/p>\n<p>ed\/fm<\/p>\n","protected":false},"excerpt":{"rendered":"<p>Donetsk, 3 mar (SANA)\u00a0 \u00a0El subcomandante de las Fuerzas Populares de la Rep\u00fablica de Donetsk, Eduard Basurin, afirm\u00f3 que los extremistas ucranianos impiden que los residentes de Mari\u00fapol salgan por los corredores humanitarios y los utilizan como escudos humanos. Citado por Sputnik, Basurin dijo que la ciudad enfrenta escasez de agua, adem\u00e1s del deterioro de &hellip;<\/p>\n","protected":false},"author":32,"featured_media":221115,"comment_status":"closed","ping_status":"closed","sticky":false,"template":"","format":"standard","meta":{"footnotes":""},"categories":[597,456,7541],"tags":[20684],"class_list":["post-221114","post","type-post","status-publish","format-standard","has-post-thumbnail","","category-cinta-de-noticias","category-arabe-internacional-politica","category-ultimas-noticias","tag-donetsk"],"_links":{"self":[{"href":"https:\/\/archive.sana.sy\/es\/index.php?rest_route=\/wp\/v2\/posts\/221114"}],"collection":[{"href":"https:\/\/archive.sana.sy\/es\/index.php?rest_route=\/wp\/v2\/posts"}],"about":[{"href":"https:\/\/archive.sana.sy\/es\/index.php?rest_route=\/wp\/v2\/types\/post"}],"author":[{"embeddable":true,"href":"https:\/\/archive.sana.sy\/es\/index.php?rest_route=\/wp\/v2\/users\/32"}],"replies":[{"embeddable":true,"href":"https:\/\/archive.sana.sy\/es\/index.php?rest_route=%2Fwp%2Fv2%2Fcomments&post=221114"}],"version-history":[{"count":0,"href":"https:\/\/archive.sana.sy\/es\/index.php?rest_route=\/wp\/v2\/posts\/221114\/revisions"}],"wp:featuredmedia":[{"embeddable":true,"href":"https:\/\/archive.sana.sy\/es\/index.php?rest_route=\/wp\/v2\/media\/221115"}],"wp:attachment":[{"href":"https:\/\/archive.sana.sy\/es\/index.php?rest_route=%2Fwp%2Fv2%2Fmedia&parent=221114"}],"wp:term":[{"taxonomy":"category","embeddable":true,"href":"https:\/\/archive.sana.sy\/es\/index.php?rest_route=%2Fwp%2Fv2%2Fcategories&post=221114"},{"taxonomy":"post_tag","embeddable":true,"href":"https:\/\/archive.sana.sy\/es\/index.php?rest_route=%2Fwp%2Fv2%2Ftags&post=221114"}],"curies":[{"name":"wp","href":"https:\/\/api.w.org\/{rel}","templated":true}]}}