{"id":221121,"date":"2022-03-03T11:36:11","date_gmt":"2022-03-03T09:36:11","guid":{"rendered":"http:\/\/107.6.182.27\/es\/?p=221121"},"modified":"2023-01-10T16:38:17","modified_gmt":"2023-01-10T14:38:17","slug":"lavrov-eeuu-y-la-ue-ejercen-presiones-sobre-los-paises-para-que-no-apoyen-la-posicion-rusa","status":"publish","type":"post","link":"https:\/\/archive.sana.sy\/es\/?p=221121","title":{"rendered":"Lavrov: EEUU y la UE ejercen presiones sobre los pa\u00edses para que no apoyen la posici\u00f3n rusa"},"content":{"rendered":"<p style=\"text-align: justify;\"><strong><span style=\"color: #800000;\">Mosc\u00fa, 3 mar (SANA)<\/span><\/strong> El ministro de Asuntos Exteriores ruso, Sergu\u00e9i Lavrov, dijo hoy que Estados Unidos y los pa\u00edses europeos ejercen presiones a muchos pa\u00edses del mundo para que no apoyen la posici\u00f3n de Rusia.<\/p>\n<p style=\"text-align: justify;\">&#8220;El objetivo de la operaci\u00f3n especial rusa en Ucrania es evitar su militarizaci\u00f3n, eliminar el nazismo y detener el genocidio contra la poblaci\u00f3n de Donb\u00e1s&#8221;, dijo Lavrov en una entrevista con los medios de comunicaci\u00f3n rusos y extranjeros.<\/p>\n<p style=\"text-align: justify;\">Revel\u00f3 que Rusia y Ucrania volver\u00e1n a negociar este 3 de marzo.<\/p>\n<p style=\"text-align: justify;\">Nota en desarrollo&#8230;<\/p>\n<p>fm\/ed<\/p>\n","protected":false},"excerpt":{"rendered":"<p>Mosc\u00fa, 3 mar (SANA) El ministro de Asuntos Exteriores ruso, Sergu\u00e9i Lavrov, dijo hoy que Estados Unidos y los pa\u00edses europeos ejercen presiones a muchos pa\u00edses del mundo para que no apoyen la posici\u00f3n de Rusia. &#8220;El objetivo de la operaci\u00f3n especial rusa en Ucrania es evitar su militarizaci\u00f3n, eliminar el nazismo y detener el &hellip;<\/p>\n","protected":false},"author":32,"featured_media":221122,"comment_status":"closed","ping_status":"closed","sticky":false,"template":"","format":"standard","meta":{"footnotes":""},"categories":[597,456,7541],"tags":[7132,19758],"class_list":["post-221121","post","type-post","status-publish","format-standard","has-post-thumbnail","","category-cinta-de-noticias","category-arabe-internacional-politica","category-ultimas-noticias","tag-eeuu","tag-ue"],"_links":{"self":[{"href":"https:\/\/archive.sana.sy\/es\/index.php?rest_route=\/wp\/v2\/posts\/221121"}],"collection":[{"href":"https:\/\/archive.sana.sy\/es\/index.php?rest_route=\/wp\/v2\/posts"}],"about":[{"href":"https:\/\/archive.sana.sy\/es\/index.php?rest_route=\/wp\/v2\/types\/post"}],"author":[{"embeddable":true,"href":"https:\/\/archive.sana.sy\/es\/index.php?rest_route=\/wp\/v2\/users\/32"}],"replies":[{"embeddable":true,"href":"https:\/\/archive.sana.sy\/es\/index.php?rest_route=%2Fwp%2Fv2%2Fcomments&post=221121"}],"version-history":[{"count":0,"href":"https:\/\/archive.sana.sy\/es\/index.php?rest_route=\/wp\/v2\/posts\/221121\/revisions"}],"wp:featuredmedia":[{"embeddable":true,"href":"https:\/\/archive.sana.sy\/es\/index.php?rest_route=\/wp\/v2\/media\/221122"}],"wp:attachment":[{"href":"https:\/\/archive.sana.sy\/es\/index.php?rest_route=%2Fwp%2Fv2%2Fmedia&parent=221121"}],"wp:term":[{"taxonomy":"category","embeddable":true,"href":"https:\/\/archive.sana.sy\/es\/index.php?rest_route=%2Fwp%2Fv2%2Fcategories&post=221121"},{"taxonomy":"post_tag","embeddable":true,"href":"https:\/\/archive.sana.sy\/es\/index.php?rest_route=%2Fwp%2Fv2%2Ftags&post=221121"}],"curies":[{"name":"wp","href":"https:\/\/api.w.org\/{rel}","templated":true}]}}