{"id":221132,"date":"2022-03-03T12:51:02","date_gmt":"2022-03-03T10:51:02","guid":{"rendered":"http:\/\/107.6.182.27\/es\/?p=221132"},"modified":"2023-01-10T16:38:17","modified_gmt":"2023-01-10T14:38:17","slug":"minuto-a-minutooctavo-dia-de-la-operacion-especial-rusa-en-donbas","status":"publish","type":"post","link":"https:\/\/archive.sana.sy\/es\/?p=221132","title":{"rendered":"Minuto a minuto\u2026Octavo d\u00eda de la operaci\u00f3n especial rusa en Donb\u00e1s"},"content":{"rendered":"<p style=\"text-align: justify;\"><strong><span style=\"color: #800000;\">Mosc\u00fa, 3 mar (SANA)\u00a0<\/span><\/strong><\/p>\n<p style=\"text-align: justify;\">????????Putin: Ej\u00e9rcito ruso rompi\u00f3 la l\u00ednea de defensa cerca de la ciudad de Volnovaja que los nacionalistas ucranianos hab\u00edan estado fortificando durante casi ocho a\u00f1os.<\/p>\n<p style=\"text-align: justify;\">????????Putin: \u201cnuestros militares act\u00faan con plena conciencia de la rectitud de su causa durante la operaci\u00f3n especial en Ucrania, incluso despu\u00e9s de ser heridos permanecen en las filas\u201d<\/p>\n<p style=\"text-align: justify;\">????????Putin: Rusia cumplir\u00e1 los objetivos de su operaci\u00f3n militar en Ucrania en cualquier caso<\/p>\n<p style=\"text-align: justify;\">????????Volodin: Hemos actuado en el momento oportuno y salvamos a cientos de miles de vidas<\/p>\n<p style=\"text-align: justify;\">????????La Tercera Guerra Mundial solo est\u00e1 en la cabeza de Occidente, afirma Lavrov<\/p>\n<p style=\"text-align: justify;\">????????Zajarova: Los suministros de armas a Kiev aumentar\u00e1n sus p\u00e9rdidas<\/p>\n<p style=\"text-align: justify;\">????????Donetsk: Nacionalistas ucranianos secuestran al representante de la ONU en J\u00e1rkov<\/p>\n<p style=\"text-align: justify;\">????????Ucrania da asilo a terroristas internacionales, incluidos los que lucharon en Siria<\/p>\n<p style=\"text-align: justify;\">????????Ministerio de Relaciones de Exteriores de Rusia: la respuesta de Occidente a las acciones de Rusia, incluido lo que hizo en la Asamblea General de las Naciones Unidas, es hist\u00e9rica y no oculta el hecho de que est\u00e1 involucrado en lo que est\u00e1 sucediendo en Ucrania.<\/p>\n<p style=\"text-align: justify;\">????????49 aviones ucranianos fueron destruidos en sus bases a\u00e9reas y 13 en el aire, y 53 drones fueron derribados.<\/p>\n<p style=\"text-align: justify;\">????????las Fuerzas Rusas liberan la ciudad de Balaklya de los ultanacionalistas ucranianos y fueron destruidas 1.612 instalaciones militares del ej\u00e9rcito ucraniano.<\/p>\n<p style=\"text-align: justify;\">????????Se abrieron corredores seguros para los residentes en Borodiansk en la regi\u00f3n de Kiev, donde los ultranacionalistas ucranianos retiene a civiles en edificios residenciales.<\/p>\n<p style=\"text-align: justify;\">????????Fuerzas Armadas de Rusia entregaron 30 toneladas de ayuda humanitaria a los residentes de la regi\u00f3n de J\u00e1rkov.<\/p>\n<p style=\"text-align: justify;\">????????Subcomandante de las Fuerzas Populares de la Rep\u00fablica de Donetsk, Eduard Basurin, afirma que los extremistas ucranianos impiden que los residentes de Mari\u00fapol salgan por los corredores humanitarios y los utilizan como escudos humanos.<\/p>\n<p style=\"text-align: justify;\">ed\/fm<\/p>\n","protected":false},"excerpt":{"rendered":"<p>Mosc\u00fa, 3 mar (SANA)\u00a0 ????????Putin: Ej\u00e9rcito ruso rompi\u00f3 la l\u00ednea de defensa cerca de la ciudad de Volnovaja que los nacionalistas ucranianos hab\u00edan estado fortificando durante casi ocho a\u00f1os. ????????Putin: \u201cnuestros militares act\u00faan con plena conciencia de la rectitud de su causa durante la operaci\u00f3n especial en Ucrania, incluso despu\u00e9s de ser heridos permanecen en &hellip;<\/p>\n","protected":false},"author":32,"featured_media":221136,"comment_status":"closed","ping_status":"closed","sticky":false,"template":"","format":"standard","meta":{"footnotes":""},"categories":[597,456,583],"tags":[20691,20281,7016],"class_list":["post-221132","post","type-post","status-publish","format-standard","has-post-thumbnail","","category-cinta-de-noticias","category-arabe-internacional-politica","category-slide","tag-donbas","tag-kiev","tag-moscu"],"_links":{"self":[{"href":"https:\/\/archive.sana.sy\/es\/index.php?rest_route=\/wp\/v2\/posts\/221132"}],"collection":[{"href":"https:\/\/archive.sana.sy\/es\/index.php?rest_route=\/wp\/v2\/posts"}],"about":[{"href":"https:\/\/archive.sana.sy\/es\/index.php?rest_route=\/wp\/v2\/types\/post"}],"author":[{"embeddable":true,"href":"https:\/\/archive.sana.sy\/es\/index.php?rest_route=\/wp\/v2\/users\/32"}],"replies":[{"embeddable":true,"href":"https:\/\/archive.sana.sy\/es\/index.php?rest_route=%2Fwp%2Fv2%2Fcomments&post=221132"}],"version-history":[{"count":0,"href":"https:\/\/archive.sana.sy\/es\/index.php?rest_route=\/wp\/v2\/posts\/221132\/revisions"}],"wp:featuredmedia":[{"embeddable":true,"href":"https:\/\/archive.sana.sy\/es\/index.php?rest_route=\/wp\/v2\/media\/221136"}],"wp:attachment":[{"href":"https:\/\/archive.sana.sy\/es\/index.php?rest_route=%2Fwp%2Fv2%2Fmedia&parent=221132"}],"wp:term":[{"taxonomy":"category","embeddable":true,"href":"https:\/\/archive.sana.sy\/es\/index.php?rest_route=%2Fwp%2Fv2%2Fcategories&post=221132"},{"taxonomy":"post_tag","embeddable":true,"href":"https:\/\/archive.sana.sy\/es\/index.php?rest_route=%2Fwp%2Fv2%2Ftags&post=221132"}],"curies":[{"name":"wp","href":"https:\/\/api.w.org\/{rel}","templated":true}]}}