{"id":221156,"date":"2022-03-03T16:19:13","date_gmt":"2022-03-03T14:19:13","guid":{"rendered":"http:\/\/107.6.182.27\/es\/?p=221156"},"modified":"2022-03-03T16:19:13","modified_gmt":"2022-03-03T14:19:13","slug":"atleta-sirio-conquista-primer-lugar-en-salto-de-longitud-en-dinamarca","status":"publish","type":"post","link":"https:\/\/archive.sana.sy\/es\/?p=221156","title":{"rendered":"Atleta sirio conquista primer lugar en salto de longitud en Dinamarca"},"content":{"rendered":"<p style=\"text-align: justify;\"><span style=\"color: #800000;\"><strong>Copenhague, 03 mar (SANA)<\/strong> <\/span>El atleta sirio Mohamed Amin Al-Salama, termin\u00f3 primero en el deporte de Salto de Longitud en la Competencia Profesional de Dinamarca.<\/p>\n<p style=\"text-align: justify;\">El atleta anot\u00f3 7,62 metros en la cita a la que asisti\u00f3 una \u00e9lite de atletas campeones del mundo.<\/p>\n<p style=\"text-align: justify;\">Al-Salama logr\u00f3 notables resultados durante sus participaciones en el extranjero, donde el a\u00f1o pasado gan\u00f3 la bronceada en triple salto y salto de longitud en el Campeonato \u00c1rabe celebrado en T\u00fanez.<\/p>\n<p style=\"text-align: justify;\"><em><strong>ah\/fm<\/strong><\/em><\/p>\n","protected":false},"excerpt":{"rendered":"<p>Copenhague, 03 mar (SANA) El atleta sirio Mohamed Amin Al-Salama, termin\u00f3 primero en el deporte de Salto de Longitud en la Competencia Profesional de Dinamarca. El atleta anot\u00f3 7,62 metros en la cita a la que asisti\u00f3 una \u00e9lite de atletas campeones del mundo. Al-Salama logr\u00f3 notables resultados durante sus participaciones en el extranjero, donde &hellip;<\/p>\n","protected":false},"author":30,"featured_media":221157,"comment_status":"closed","ping_status":"closed","sticky":false,"template":"","format":"standard","meta":{"footnotes":""},"categories":[597,494,7541],"tags":[],"class_list":["post-221156","post","type-post","status-publish","format-standard","has-post-thumbnail","","category-cinta-de-noticias","category-deportes","category-ultimas-noticias"],"_links":{"self":[{"href":"https:\/\/archive.sana.sy\/es\/index.php?rest_route=\/wp\/v2\/posts\/221156"}],"collection":[{"href":"https:\/\/archive.sana.sy\/es\/index.php?rest_route=\/wp\/v2\/posts"}],"about":[{"href":"https:\/\/archive.sana.sy\/es\/index.php?rest_route=\/wp\/v2\/types\/post"}],"author":[{"embeddable":true,"href":"https:\/\/archive.sana.sy\/es\/index.php?rest_route=\/wp\/v2\/users\/30"}],"replies":[{"embeddable":true,"href":"https:\/\/archive.sana.sy\/es\/index.php?rest_route=%2Fwp%2Fv2%2Fcomments&post=221156"}],"version-history":[{"count":0,"href":"https:\/\/archive.sana.sy\/es\/index.php?rest_route=\/wp\/v2\/posts\/221156\/revisions"}],"wp:featuredmedia":[{"embeddable":true,"href":"https:\/\/archive.sana.sy\/es\/index.php?rest_route=\/wp\/v2\/media\/221157"}],"wp:attachment":[{"href":"https:\/\/archive.sana.sy\/es\/index.php?rest_route=%2Fwp%2Fv2%2Fmedia&parent=221156"}],"wp:term":[{"taxonomy":"category","embeddable":true,"href":"https:\/\/archive.sana.sy\/es\/index.php?rest_route=%2Fwp%2Fv2%2Fcategories&post=221156"},{"taxonomy":"post_tag","embeddable":true,"href":"https:\/\/archive.sana.sy\/es\/index.php?rest_route=%2Fwp%2Fv2%2Ftags&post=221156"}],"curies":[{"name":"wp","href":"https:\/\/api.w.org\/{rel}","templated":true}]}}