{"id":221200,"date":"2022-03-03T18:39:15","date_gmt":"2022-03-03T16:39:15","guid":{"rendered":"http:\/\/107.6.182.27\/es\/?p=221200"},"modified":"2023-01-10T16:38:16","modified_gmt":"2023-01-10T14:38:16","slug":"union-de-periodistas-bloquear-a-los-medios-rusos-en-la-ue-amenaza-la-libertad-de-informacion","status":"publish","type":"post","link":"https:\/\/archive.sana.sy\/es\/?p=221200","title":{"rendered":"Uni\u00f3n de Periodistas: Bloquear a los medios rusos en la UE amenaza la libertad de informaci\u00f3n"},"content":{"rendered":"<p style=\"text-align: justify;\"><span style=\"color: #800000;\"><strong>Damasco, 03 mar (SANA)\u00a0 <\/strong><\/span>La Uni\u00f3n de Periodistas conden\u00f3 en\u00e9rgicamente la injusta decisi\u00f3n de la UE de prohibir las cadenas rusas RT y Sputnik, y calific\u00f3 esta decisi\u00f3n de contraria a las convenciones internacionales, una violaci\u00f3n flagrante del derecho a la libertad de opini\u00f3n y una amenaza real a los principios de la libertad de prensa.<\/p>\n<p style=\"text-align: justify;\">&#8220;Esta agresiva decisi\u00f3n fue acompa\u00f1ada por intentos inmorales de restringir el acceso a estos canales para los ciudadanos en Europa a trav\u00e9s de las redes sociales, en violaci\u00f3n del libre acceso a la informaci\u00f3n y permitir al p\u00fablico acceder a m\u00faltiples puntos de vista en virtud del acceso universal no discriminatorio que ha sido respaldado por la comunidad de la informaci\u00f3n y avalado por las convenciones internacionales&#8221;, expres\u00f3 la Uni\u00f3n en un comunicado.<\/p>\n<p style=\"text-align: justify;\">Se\u00f1al\u00f3 que tal medida constituye una pirater\u00eda de los medios de comunicaci\u00f3n que expone las intenciones de opacar la escena real y excluirla en favor de la informaci\u00f3n prejuiciosa.<\/p>\n<p style=\"text-align: justify;\">Inst\u00f3 a las organizaciones \u00e1rabes, regionales e internacionales que trabajen para detener esta acci\u00f3n injusta y las peligrosas medidas agresivas que atentan contra el derecho al trabajo de los medios de comunicaci\u00f3n y las libertades reconocidas por la comunidad internacional.<\/p>\n<p style=\"text-align: justify;\"><em><strong>ah\/rsh<\/strong><\/em><\/p>\n","protected":false},"excerpt":{"rendered":"<p>Damasco, 03 mar (SANA)\u00a0 La Uni\u00f3n de Periodistas conden\u00f3 en\u00e9rgicamente la injusta decisi\u00f3n de la UE de prohibir las cadenas rusas RT y Sputnik, y calific\u00f3 esta decisi\u00f3n de contraria a las convenciones internacionales, una violaci\u00f3n flagrante del derecho a la libertad de opini\u00f3n y una amenaza real a los principios de la libertad de &hellip;<\/p>\n","protected":false},"author":30,"featured_media":221203,"comment_status":"closed","ping_status":"closed","sticky":false,"template":"","format":"standard","meta":{"footnotes":""},"categories":[597,456],"tags":[],"class_list":["post-221200","post","type-post","status-publish","format-standard","has-post-thumbnail","","category-cinta-de-noticias","category-arabe-internacional-politica"],"_links":{"self":[{"href":"https:\/\/archive.sana.sy\/es\/index.php?rest_route=\/wp\/v2\/posts\/221200"}],"collection":[{"href":"https:\/\/archive.sana.sy\/es\/index.php?rest_route=\/wp\/v2\/posts"}],"about":[{"href":"https:\/\/archive.sana.sy\/es\/index.php?rest_route=\/wp\/v2\/types\/post"}],"author":[{"embeddable":true,"href":"https:\/\/archive.sana.sy\/es\/index.php?rest_route=\/wp\/v2\/users\/30"}],"replies":[{"embeddable":true,"href":"https:\/\/archive.sana.sy\/es\/index.php?rest_route=%2Fwp%2Fv2%2Fcomments&post=221200"}],"version-history":[{"count":0,"href":"https:\/\/archive.sana.sy\/es\/index.php?rest_route=\/wp\/v2\/posts\/221200\/revisions"}],"wp:featuredmedia":[{"embeddable":true,"href":"https:\/\/archive.sana.sy\/es\/index.php?rest_route=\/wp\/v2\/media\/221203"}],"wp:attachment":[{"href":"https:\/\/archive.sana.sy\/es\/index.php?rest_route=%2Fwp%2Fv2%2Fmedia&parent=221200"}],"wp:term":[{"taxonomy":"category","embeddable":true,"href":"https:\/\/archive.sana.sy\/es\/index.php?rest_route=%2Fwp%2Fv2%2Fcategories&post=221200"},{"taxonomy":"post_tag","embeddable":true,"href":"https:\/\/archive.sana.sy\/es\/index.php?rest_route=%2Fwp%2Fv2%2Ftags&post=221200"}],"curies":[{"name":"wp","href":"https:\/\/api.w.org\/{rel}","templated":true}]}}