{"id":22124,"date":"2015-04-28T22:37:10","date_gmt":"2015-04-28T19:37:10","guid":{"rendered":"http:\/\/www.sana.sy\/es\/?p=22124"},"modified":"2015-04-29T12:31:03","modified_gmt":"2015-04-29T09:31:03","slug":"ministro-de-defensa-sirio-examina-con-su-homologo-irani-la-cooperacion-militar-bilateral","status":"publish","type":"post","link":"https:\/\/archive.sana.sy\/es\/?p=22124","title":{"rendered":"Ministro de Defensa sirio examina con su hom\u00f3logo iran\u00ed la cooperaci\u00f3n militar bilateral"},"content":{"rendered":"<p><span style=\"color: #0000ff\">Teher\u00e1n, SANA<\/span><\/p>\n<p style=\"text-align: justify\">El subcomandante del Ej\u00e9rcito y Fuerzas Armadas, y ministro de Defensa, el general Fahd Jassem al-Freij, examin\u00f3 hoy martes en Teher\u00e1n con su hom\u00f3logo iran\u00ed, el general Hossien Dahkan y mandos militares iran\u00edes la cooperaci\u00f3n estrat\u00e9gica conjunta entre ambos ej\u00e9rcitos amigos en materia de hacer frente a los retos y las amenazas regionales y el terrorismo que est\u00e1 amenazado la regi\u00f3n y el mundo.<\/p>\n<p style=\"text-align: justify\">Encabezando una delegaci\u00f3n militar de alto rango, el titular de Defensa siria hab\u00eda iniciado este martes una visita oficial de dos d\u00edas a la Rep\u00fablica Isl\u00e1mica de Ir\u00e1n.<br \/>\nEl general Freij fue recibido por su hom\u00f3logo Dahkan en medio de ceremonias oficiales en las que ambos generales pusieron ofrendas florales en el monumento conmemorativo del M\u00e1rtir.<\/p>\n<p style=\"text-align: justify\">Al-Freiy, a su vez, ha agradecido el apoyo del gobierno iran\u00ed a Siria en su lucha contra el terrorismo, diciendo que \u201cel pueblo sirio nunca olvidar\u00e1 la posici\u00f3n del pueblo iran\u00ed, y que\u00a0 el apoyo de los amigos\u00a0 fortalece\u00a0 la resistencia del pueblo sirio, e impide el \u00e9xito de los planos enemigos en la regi\u00f3n<\/p>\n<p style=\"text-align: justify\">Igualmente, ha resaltado el papel importante de la Rep\u00fablica Isl\u00e1mica en\u00a0 la resistencia en la regi\u00f3n y ha agregado que sin la ayuda de Ir\u00e1n ser\u00eda imposible cosechar tantas victorias ante los terroristas.<\/p>\n<p style=\"text-align: justify\">En el mismo contexto,\u00a0 Al-Freiy, ha expresado que\u00a0 las relaciones mutuas entre\u00a0 Damasco, y Teher\u00e1n son unas relaciones estrat\u00e9gicas que est\u00e1n constantemente en desarrollo, de hecho, la unidad y la integridad del Frente de Resistencia en la regi\u00f3n, sin duda alguna, har\u00e1n fracasar los planes inhumanos de los enemigos.<\/p>\n<p style=\"text-align: justify\">Asimismo, El titular sirio ha a\u00f1adido que,\u00a0\u00a0 \u201cLa guerra librada desde hace m\u00e1s de cuatro a\u00f1os contra\u00a0 Siria est\u00e1 siendo liderada\u00a0 de forma\u00a0 directa por EE.UU., la entidad israel\u00ed, y otros estado regionales\u201d.<\/p>\n<p style=\"text-align: justify\">A su juicio,\u00a0 Al-Freiy ha argumentado que pese a todas las dificultades, el pueblo sirio junto con su ej\u00e9rcito continuar\u00e1 trabajando hombro con hombro y codo a codo\u00a0 para hacer fracasar las conspiraciones.<\/p>\n<p style=\"text-align: justify\">Tras elogiar la resistencia del pueblo y el Ej\u00e9rcito sirios ante los terroristas respaldados por varios pa\u00edses occidentales y algunos pa\u00edses regionales, el ministro iran\u00ed de Defensa ha sostenido que la continuaci\u00f3n de esta resistencia finalmente resultar\u00e1 en la derrota de los grupos terroristas en Siria.<\/p>\n<p style=\"text-align: justify\">Asimismo,\u00a0 Dehqan, ha confirmado que el di\u00e1logo es la \u00fanica soluci\u00f3n a la crisis siria, pues, seg\u00fan ha explicado, el pueblo y el Gobierno sirio, mediante su resistencia, han demostrado a los poderes enemigos que no pueden derrotar a los pueblos de la regi\u00f3n a trav\u00e9s de la exportaci\u00f3n del terrorismo, su financiaci\u00f3n y ataques de car\u00e1cter militar.<\/p>\n<p style=\"text-align: justify\">En este contexto, El titular iran\u00ed, ha reiterado el apoyo completo de la Rep\u00fablica Isl\u00e1mica a Siria en la lucha contra los terroristas, exigiendo la formaci\u00f3n de coaliciones regionales para combatir el terrorismo, el complemento de las resoluciones del Consejo de Seguridad relativas a la crisis de Siria, y tomar medida para detener el apoyo, la financiaci\u00f3n, y el suministro de armas a los terroristas por partes ya conocidas.<\/p>\n<p>&nbsp;<\/p>\n<p><span style=\"color: #800000\">Lynn A., Fady M., M Miri., Riad Sh.<\/span><\/p>\n","protected":false},"excerpt":{"rendered":"<p>Teher\u00e1n, SANA El subcomandante del Ej\u00e9rcito y Fuerzas Armadas, y ministro de Defensa, el general Fahd Jassem al-Freij, examin\u00f3 hoy martes en Teher\u00e1n con su hom\u00f3logo iran\u00ed, el general Hossien Dahkan y mandos militares iran\u00edes la cooperaci\u00f3n estrat\u00e9gica conjunta entre ambos ej\u00e9rcitos amigos en materia de hacer frente a los retos y las amenazas regionales &hellip;<\/p>\n","protected":false},"author":24,"featured_media":22149,"comment_status":"closed","ping_status":"closed","sticky":false,"template":"","format":"standard","meta":{"footnotes":""},"categories":[597,456,457,576],"tags":[5035],"class_list":["post-22124","post","type-post","status-publish","format-standard","has-post-thumbnail","","category-cinta-de-noticias","category-arabe-internacional-politica","category-noticias-arabe-internacional-politica","category-noticias-politicas","tag-ministro-de-defensa-sirio-examina-con-su-homologo-irani-la-cooperacion-militar-bilateral"],"_links":{"self":[{"href":"https:\/\/archive.sana.sy\/es\/index.php?rest_route=\/wp\/v2\/posts\/22124"}],"collection":[{"href":"https:\/\/archive.sana.sy\/es\/index.php?rest_route=\/wp\/v2\/posts"}],"about":[{"href":"https:\/\/archive.sana.sy\/es\/index.php?rest_route=\/wp\/v2\/types\/post"}],"author":[{"embeddable":true,"href":"https:\/\/archive.sana.sy\/es\/index.php?rest_route=\/wp\/v2\/users\/24"}],"replies":[{"embeddable":true,"href":"https:\/\/archive.sana.sy\/es\/index.php?rest_route=%2Fwp%2Fv2%2Fcomments&post=22124"}],"version-history":[{"count":0,"href":"https:\/\/archive.sana.sy\/es\/index.php?rest_route=\/wp\/v2\/posts\/22124\/revisions"}],"wp:featuredmedia":[{"embeddable":true,"href":"https:\/\/archive.sana.sy\/es\/index.php?rest_route=\/wp\/v2\/media\/22149"}],"wp:attachment":[{"href":"https:\/\/archive.sana.sy\/es\/index.php?rest_route=%2Fwp%2Fv2%2Fmedia&parent=22124"}],"wp:term":[{"taxonomy":"category","embeddable":true,"href":"https:\/\/archive.sana.sy\/es\/index.php?rest_route=%2Fwp%2Fv2%2Fcategories&post=22124"},{"taxonomy":"post_tag","embeddable":true,"href":"https:\/\/archive.sana.sy\/es\/index.php?rest_route=%2Fwp%2Fv2%2Ftags&post=22124"}],"curies":[{"name":"wp","href":"https:\/\/api.w.org\/{rel}","templated":true}]}}