{"id":22126,"date":"2015-04-28T18:13:16","date_gmt":"2015-04-28T15:13:16","guid":{"rendered":"http:\/\/www.sana.sy\/es\/?p=22126"},"modified":"2015-04-28T18:17:54","modified_gmt":"2015-04-28T15:17:54","slug":"al-laham-se-reune-con-el-secretario-general-de-la-asamblea-parlamentaria-del-mediterraneo","status":"publish","type":"post","link":"https:\/\/archive.sana.sy\/es\/?p=22126","title":{"rendered":"Al-Laham se re\u00fane con el secretario general de la Asamblea Parlamentaria del Mediterr\u00e1neo"},"content":{"rendered":"<p><span style=\"color: #800000\">Damasco, SANA<\/span><\/p>\n<p>El presidente de la Asamblea del Pueblo, Mohamad Yihad al-Laham, examin\u00f3 este martes con el secretario general de la Asamblea Parlamentaria del Mediterr\u00e1neo, Sergio Piazzi, la situaci\u00f3n actual en la regi\u00f3n y el terrorismo sistem\u00e1tico que sufre el pueblo sirio desde hace m\u00e1s de cuatro a\u00f1os.<\/p>\n<p>Al-Laham se\u00f1al\u00f3 que la zona del Mediterr\u00e1neo es la m\u00e1s afectada por la inestabilidad que vive Oriente Medio, especialmente con la aparici\u00f3n del fen\u00f3meno del terrorismo takfirista, que ha sido el resultado de la injerencia occidental en los asuntos internos de los pa\u00edses de esta regi\u00f3n.<\/p>\n<p>Asimismo, reiter\u00f3 la disposici\u00f3n de Siria de cooperar con todas las organizaciones tanto regionales como internacionales, a condici\u00f3n de que respeten la soberan\u00eda siria y no traten de intervenir en sus asuntos internos o apoyar a partes que practican el terrorismo y la violencia en contra del Estado sirio.<\/p>\n<p>El Presidente del Parlamento denunci\u00f3 que la expansi\u00f3n de las organizaciones del Frente de al-Nousra y el Estado Isl\u00e1mico se debe a una coordinaci\u00f3n llevada a cabo por Turqu\u00eda, Qatar y Arabia Saudita.<\/p>\n<p>En este contexto, al-Laham critic\u00f3 la no reacci\u00f3n de la comunidad internacional ante este hecho, se\u00f1alando que \u201cquien dese luchar contra el terrorismo ha de coordinar con los gobiernos de Siria e Irak\u201d, y de dejar de emplear el terrorismo por sus propios intereses.<\/p>\n<p>De igual manera a\u00f1adi\u00f3 que el primer paso hacia el arreglo pol\u00edtico en Siria consiste en la lucha contra el terrorismo que se propaga en el Mediterr\u00e1neo\u00a0 como el c\u00e1ncer, manifestando que el Parlamento sirio cuenta con la Asamblea Parlamentaria del Mediterr\u00e1neo para obligar a los pa\u00edses implicados en el terrorismo a dejar de apoyar a los terroristas y de facilitar su infiltraci\u00f3n a trav\u00e9s de sus fronteras con Siria.<\/p>\n<p>El Presidente de la Asamblea del Pueblo sirio expres\u00f3 que el Estado sirio seguir\u00e1 ampliando las reconciliaciones nacionales y ofreciendo las ayudas alimentarias y sanitarias a los afectados.<\/p>\n<p>Asimismo agreg\u00f3 que el Gobierno sirio est\u00e1 abierto a la oposici\u00f3n pol\u00edtica nacional que rechaza el terrorismo, la violencia y la injerencia extranjera, as\u00ed como la considera como un socio importante en la reconstrucci\u00f3n del pa\u00eds.<\/p>\n<p>Al-Laham llam\u00f3 la APM a trabajar para levantar el injusto bloqueo econ\u00f3mico impuesto sobre el pueblo sirio.<\/p>\n<p>A su vez, Piazzi expres\u00f3 el pleno apoyo de la Asamblea Parlamentaria a los esfuerzos del Parlamentario sirio en el campo de la reconciliaci\u00f3n nacional y del arreglo pol\u00edtico mediante el di\u00e1logo inter-sirio.<\/p>\n<p>Agreg\u00f3 que \u00e9l ha percibido que muchos pa\u00edses occidentales y europeos est\u00e1n en contra del plan de EEUU de armar y entrenar a la llamada \u201coposici\u00f3n moderada\u201d, haciendo referencia a la existencia de pa\u00edses que abogan por la soluci\u00f3n pol\u00edtica en Siria, partiendo de que este plan no llevar\u00e1 a ning\u00fan arreglo de la crisis.<\/p>\n<p>Piazzi enfatiz\u00f3 la necesidad de que todos los pa\u00edses cumplan con la resoluci\u00f3n N 2170 relativa a la lucha contra el terrorismo.<\/p>\n<p>Asimismo se\u00f1al\u00f3 que varios expertos que acudieron a la reuni\u00f3n del Comit\u00e9 Pol\u00edtico de la Asamblea en el pasado febrero en M\u00f3naco\u00a0 hicieron referencia al papel de Arabia Saudita, Qatar y Turqu\u00eda en el financiamiento del terrorismo, as\u00ed como hablaron del saqueo y contrabando del crudo sirio a Turqu\u00eda, admitiendo por unanimidad la necesidad de confiscar los camiones que trasladan el crudo saqueado en Turqu\u00eda. Piazzi revel\u00f3 que esta reuni\u00f3n cont\u00f3 con la presencia de los ministros de Defensa y del Interior de Italia, responsables del OTAN, y delegaciones sauditas y qatar\u00edes.<\/p>\n<p>Tambi\u00e9n explic\u00f3 que el Consejo de Seguridad de la ONU pidi\u00f3 a la APM coordinar una reuni\u00f3n sobre el patrimonio humanitario que sufre el saqueo y la destrucci\u00f3n, haciendo alusi\u00f3n a la intenci\u00f3n de su Asamblea de organizar con el UNESCO una reuni\u00f3n sobre este tema entre el 14 y 15 del pr\u00f3ximo mes de mayo en Marruecos.<\/p>\n<p>Lynn A., Fady M.<\/p>\n","protected":false},"excerpt":{"rendered":"<p>Damasco, SANA El presidente de la Asamblea del Pueblo, Mohamad Yihad al-Laham, examin\u00f3 este martes con el secretario general de la Asamblea Parlamentaria del Mediterr\u00e1neo, Sergio Piazzi, la situaci\u00f3n actual en la regi\u00f3n y el terrorismo sistem\u00e1tico que sufre el pueblo sirio desde hace m\u00e1s de cuatro a\u00f1os. Al-Laham se\u00f1al\u00f3 que la zona del Mediterr\u00e1neo &hellip;<\/p>\n","protected":false},"author":24,"featured_media":22127,"comment_status":"closed","ping_status":"closed","sticky":false,"template":"","format":"standard","meta":{"footnotes":""},"categories":[477,597,476,576],"tags":[5036],"class_list":["post-22126","post","type-post","status-publish","format-standard","has-post-thumbnail","","category-noticias-edulcorantes","category-cinta-de-noticias","category-locales","category-noticias-politicas","tag-al-laham-se-reune-con-el-secretario-general-de-la-asamblea-parlamentaria-del-mediterraneo"],"_links":{"self":[{"href":"https:\/\/archive.sana.sy\/es\/index.php?rest_route=\/wp\/v2\/posts\/22126"}],"collection":[{"href":"https:\/\/archive.sana.sy\/es\/index.php?rest_route=\/wp\/v2\/posts"}],"about":[{"href":"https:\/\/archive.sana.sy\/es\/index.php?rest_route=\/wp\/v2\/types\/post"}],"author":[{"embeddable":true,"href":"https:\/\/archive.sana.sy\/es\/index.php?rest_route=\/wp\/v2\/users\/24"}],"replies":[{"embeddable":true,"href":"https:\/\/archive.sana.sy\/es\/index.php?rest_route=%2Fwp%2Fv2%2Fcomments&post=22126"}],"version-history":[{"count":0,"href":"https:\/\/archive.sana.sy\/es\/index.php?rest_route=\/wp\/v2\/posts\/22126\/revisions"}],"wp:featuredmedia":[{"embeddable":true,"href":"https:\/\/archive.sana.sy\/es\/index.php?rest_route=\/wp\/v2\/media\/22127"}],"wp:attachment":[{"href":"https:\/\/archive.sana.sy\/es\/index.php?rest_route=%2Fwp%2Fv2%2Fmedia&parent=22126"}],"wp:term":[{"taxonomy":"category","embeddable":true,"href":"https:\/\/archive.sana.sy\/es\/index.php?rest_route=%2Fwp%2Fv2%2Fcategories&post=22126"},{"taxonomy":"post_tag","embeddable":true,"href":"https:\/\/archive.sana.sy\/es\/index.php?rest_route=%2Fwp%2Fv2%2Ftags&post=22126"}],"curies":[{"name":"wp","href":"https:\/\/api.w.org\/{rel}","templated":true}]}}