{"id":221291,"date":"2022-03-04T08:53:59","date_gmt":"2022-03-04T06:53:59","guid":{"rendered":"http:\/\/107.6.182.27\/es\/?p=221291"},"modified":"2023-01-10T16:38:15","modified_gmt":"2023-01-10T14:38:15","slug":"eeuu-reanudara-servicios-de-visado-en-cuba","status":"publish","type":"post","link":"https:\/\/archive.sana.sy\/es\/?p=221291","title":{"rendered":"EEUU reanudar\u00e1 servicios de visado en Cuba"},"content":{"rendered":"<p style=\"text-align: justify;\"><span style=\"color: #800000;\"><strong>La Habana, 4 mar (SANA)<\/strong> <\/span>La embajada de Estados Unidos en Cuba est\u00e1 en preparativos para emitir visas para cubanos de manera limitada y paulatina.<\/p>\n<p style=\"text-align: justify;\">El encargado de negocios Timothy Z\u00fa\u00f1iga-Brown, dijo en declaraciones a la prensa citadas por la agencia Prensa latina, que la Secci\u00f3n Consular continuar\u00e1 proporcionando servicios esenciales a los ciudadanos estadounidenses y una tramitaci\u00f3n limitada de visados de emergencia para no inmigrantes.<\/p>\n<p style=\"text-align: justify;\">EEUU cerr\u00f3 sus servicios consulares en La Habana, bajo el pretexto de incidentes de salud reportados aqu\u00ed en 2017 por diplom\u00e1ticos estadounidenses, para los que la ciencia no ha encontrado causa e informes del Departamento de Estado norteamericano revelaron mal manejo gubernamental.<\/p>\n<p style=\"text-align: justify;\">Esa decisi\u00f3n tuvo impacto en la suspensi\u00f3n del programa de reunificaci\u00f3n familiar y el otorgamiento de visas, pues los cubanos est\u00e1n obligados a ir a terceros pa\u00edses para todos sus tr\u00e1mites, lo que aumenta los costos y sin certeza de una aprobaci\u00f3n.<\/p>\n<p style=\"text-align: justify;\">Adem\u00e1s, de acuerdo con autoridades cubanas, el cese de las v\u00edas legales y el reforzamiento del bloqueo econ\u00f3mico, comercial y financiero impuesto por Washington estimulan la migraci\u00f3n irregular desde la isla, al punto de poner en riesgo la vida.<\/p>\n<p style=\"text-align: justify;\"><em><strong>fm\/ah<\/strong><\/em><\/p>\n","protected":false},"excerpt":{"rendered":"<p>La Habana, 4 mar (SANA) La embajada de Estados Unidos en Cuba est\u00e1 en preparativos para emitir visas para cubanos de manera limitada y paulatina. El encargado de negocios Timothy Z\u00fa\u00f1iga-Brown, dijo en declaraciones a la prensa citadas por la agencia Prensa latina, que la Secci\u00f3n Consular continuar\u00e1 proporcionando servicios esenciales a los ciudadanos estadounidenses &hellip;<\/p>\n","protected":false},"author":30,"featured_media":221294,"comment_status":"closed","ping_status":"closed","sticky":false,"template":"","format":"standard","meta":{"footnotes":""},"categories":[597,456],"tags":[],"class_list":["post-221291","post","type-post","status-publish","format-standard","has-post-thumbnail","","category-cinta-de-noticias","category-arabe-internacional-politica"],"_links":{"self":[{"href":"https:\/\/archive.sana.sy\/es\/index.php?rest_route=\/wp\/v2\/posts\/221291"}],"collection":[{"href":"https:\/\/archive.sana.sy\/es\/index.php?rest_route=\/wp\/v2\/posts"}],"about":[{"href":"https:\/\/archive.sana.sy\/es\/index.php?rest_route=\/wp\/v2\/types\/post"}],"author":[{"embeddable":true,"href":"https:\/\/archive.sana.sy\/es\/index.php?rest_route=\/wp\/v2\/users\/30"}],"replies":[{"embeddable":true,"href":"https:\/\/archive.sana.sy\/es\/index.php?rest_route=%2Fwp%2Fv2%2Fcomments&post=221291"}],"version-history":[{"count":0,"href":"https:\/\/archive.sana.sy\/es\/index.php?rest_route=\/wp\/v2\/posts\/221291\/revisions"}],"wp:featuredmedia":[{"embeddable":true,"href":"https:\/\/archive.sana.sy\/es\/index.php?rest_route=\/wp\/v2\/media\/221294"}],"wp:attachment":[{"href":"https:\/\/archive.sana.sy\/es\/index.php?rest_route=%2Fwp%2Fv2%2Fmedia&parent=221291"}],"wp:term":[{"taxonomy":"category","embeddable":true,"href":"https:\/\/archive.sana.sy\/es\/index.php?rest_route=%2Fwp%2Fv2%2Fcategories&post=221291"},{"taxonomy":"post_tag","embeddable":true,"href":"https:\/\/archive.sana.sy\/es\/index.php?rest_route=%2Fwp%2Fv2%2Ftags&post=221291"}],"curies":[{"name":"wp","href":"https:\/\/api.w.org\/{rel}","templated":true}]}}