{"id":221305,"date":"2022-03-04T10:00:33","date_gmt":"2022-03-04T08:00:33","guid":{"rendered":"http:\/\/107.6.182.27\/es\/?p=221305"},"modified":"2023-01-10T16:38:15","modified_gmt":"2023-01-10T14:38:15","slug":"donetsk-controla-36-localidades-desde-el-inicio-de-la-operacion-rusa-en-ucrania","status":"publish","type":"post","link":"https:\/\/archive.sana.sy\/es\/?p=221305","title":{"rendered":"Donetsk controla 36 localidades desde el inicio de la operaci\u00f3n rusa en Ucrania"},"content":{"rendered":"<p style=\"text-align: justify;\"><span style=\"color: #800000;\"><strong>Donetsk, 04 mar (SANA) <\/strong><\/span>Las Fuerzas de Defensa Territorial de la Rep\u00fablica Popular de Donetsk anunciaron hoy el control de 36 regiones desde el comienzo de la operaci\u00f3n rusa en Ucrania.<\/p>\n<p style=\"text-align: justify;\">&#8220;Como resultado de las acciones exitosas desde el comienzo de la operaci\u00f3n, se controlaron 36 \u00e1reas y se est\u00e1n tomando medidas para liberar las ciudades de Volnovaka y Mari\u00fapol de los ultranacionalistas ucranianos&#8221;, cit\u00f3 Novosti a un comunicado emitido por el cuartel general de las fuerzas.<\/p>\n<p style=\"text-align: justify;\">El comunicado se\u00f1al\u00f3 que muchas de las \u00e1reas liberadas est\u00e1n llenas de explosivos colocados por las fuerzas ucranianas.<\/p>\n<p style=\"text-align: justify;\">La operaci\u00f3n militar especial de Rusia para proteger Donb\u00e1s contin\u00faa por noveno d\u00eda consecutivo en medio de los continuos combates en varios frentes de la regi\u00f3n.<\/p>\n<p style=\"text-align: justify;\"><em><strong>ah\/fm<\/strong><\/em><\/p>\n","protected":false},"excerpt":{"rendered":"<p>Donetsk, 04 mar (SANA) Las Fuerzas de Defensa Territorial de la Rep\u00fablica Popular de Donetsk anunciaron hoy el control de 36 regiones desde el comienzo de la operaci\u00f3n rusa en Ucrania. &#8220;Como resultado de las acciones exitosas desde el comienzo de la operaci\u00f3n, se controlaron 36 \u00e1reas y se est\u00e1n tomando medidas para liberar las &hellip;<\/p>\n","protected":false},"author":30,"featured_media":221306,"comment_status":"closed","ping_status":"closed","sticky":false,"template":"","format":"standard","meta":{"footnotes":""},"categories":[597,456,7541],"tags":[],"class_list":["post-221305","post","type-post","status-publish","format-standard","has-post-thumbnail","","category-cinta-de-noticias","category-arabe-internacional-politica","category-ultimas-noticias"],"_links":{"self":[{"href":"https:\/\/archive.sana.sy\/es\/index.php?rest_route=\/wp\/v2\/posts\/221305"}],"collection":[{"href":"https:\/\/archive.sana.sy\/es\/index.php?rest_route=\/wp\/v2\/posts"}],"about":[{"href":"https:\/\/archive.sana.sy\/es\/index.php?rest_route=\/wp\/v2\/types\/post"}],"author":[{"embeddable":true,"href":"https:\/\/archive.sana.sy\/es\/index.php?rest_route=\/wp\/v2\/users\/30"}],"replies":[{"embeddable":true,"href":"https:\/\/archive.sana.sy\/es\/index.php?rest_route=%2Fwp%2Fv2%2Fcomments&post=221305"}],"version-history":[{"count":0,"href":"https:\/\/archive.sana.sy\/es\/index.php?rest_route=\/wp\/v2\/posts\/221305\/revisions"}],"wp:featuredmedia":[{"embeddable":true,"href":"https:\/\/archive.sana.sy\/es\/index.php?rest_route=\/wp\/v2\/media\/221306"}],"wp:attachment":[{"href":"https:\/\/archive.sana.sy\/es\/index.php?rest_route=%2Fwp%2Fv2%2Fmedia&parent=221305"}],"wp:term":[{"taxonomy":"category","embeddable":true,"href":"https:\/\/archive.sana.sy\/es\/index.php?rest_route=%2Fwp%2Fv2%2Fcategories&post=221305"},{"taxonomy":"post_tag","embeddable":true,"href":"https:\/\/archive.sana.sy\/es\/index.php?rest_route=%2Fwp%2Fv2%2Ftags&post=221305"}],"curies":[{"name":"wp","href":"https:\/\/api.w.org\/{rel}","templated":true}]}}