{"id":221308,"date":"2022-03-04T10:03:12","date_gmt":"2022-03-04T08:03:12","guid":{"rendered":"http:\/\/107.6.182.27\/es\/?p=221308"},"modified":"2023-01-10T16:38:15","modified_gmt":"2023-01-10T14:38:15","slug":"ucrania-extingue-incendio-en-la-central-nuclear-de-zaporizhia","status":"publish","type":"post","link":"https:\/\/archive.sana.sy\/es\/?p=221308","title":{"rendered":"Ucrania extingue incendio en la central nuclear de Zaporizhia"},"content":{"rendered":"<p style=\"text-align: justify;\"><span style=\"color: #800000;\"><strong>Kiev, 04 mar (SANA) <\/strong><\/span>El Ministerio de Emergencias de Ucrania anunci\u00f3 hoy la extinci\u00f3n de un incendio que se desat\u00f3 est\u00e1 madrugada en algunas secciones de la central nuclear de Zaporizhia.<\/p>\n<p style=\"text-align: justify;\">&#8220;La extinci\u00f3n culmin\u00f3 con \u00e9xito despu\u00e9s de que se desat\u00f3 un incendio en la secci\u00f3n de entrenamiento de la planta&#8221;, inform\u00f3 el Ministerio en un comunicado.<\/p>\n<p style=\"text-align: justify;\">La nota agreg\u00f3 que, de acuerdo con los datos recibidos, las p\u00e9rdidas se limitaron en da\u00f1os materiales sin heridos ni v\u00edctimas mortales.<\/p>\n<p style=\"text-align: justify;\">Seg\u00fan datos de las autoridades ucranianas, el Organismo Internacional de Energ\u00eda At\u00f3mica (OIEA) dijo que el incendio no afect\u00f3 el equipo b\u00e1sico de la planta, confirmando que el nivel de radiaci\u00f3n en sus proximidades est\u00e1 dentro de los l\u00edmites normales.<\/p>\n<p style=\"text-align: justify;\">La central de Zaporizhia fue construida en 1984 y es la instalaci\u00f3n electromagn\u00e9tica m\u00e1s grande de Europa.<\/p>\n<p style=\"text-align: justify;\"><em><strong>ah\/fm<\/strong><\/em><\/p>\n","protected":false},"excerpt":{"rendered":"<p>Kiev, 04 mar (SANA) El Ministerio de Emergencias de Ucrania anunci\u00f3 hoy la extinci\u00f3n de un incendio que se desat\u00f3 est\u00e1 madrugada en algunas secciones de la central nuclear de Zaporizhia. &#8220;La extinci\u00f3n culmin\u00f3 con \u00e9xito despu\u00e9s de que se desat\u00f3 un incendio en la secci\u00f3n de entrenamiento de la planta&#8221;, inform\u00f3 el Ministerio en &hellip;<\/p>\n","protected":false},"author":30,"featured_media":221309,"comment_status":"closed","ping_status":"closed","sticky":false,"template":"","format":"standard","meta":{"footnotes":""},"categories":[456],"tags":[],"class_list":["post-221308","post","type-post","status-publish","format-standard","has-post-thumbnail","","category-arabe-internacional-politica"],"_links":{"self":[{"href":"https:\/\/archive.sana.sy\/es\/index.php?rest_route=\/wp\/v2\/posts\/221308"}],"collection":[{"href":"https:\/\/archive.sana.sy\/es\/index.php?rest_route=\/wp\/v2\/posts"}],"about":[{"href":"https:\/\/archive.sana.sy\/es\/index.php?rest_route=\/wp\/v2\/types\/post"}],"author":[{"embeddable":true,"href":"https:\/\/archive.sana.sy\/es\/index.php?rest_route=\/wp\/v2\/users\/30"}],"replies":[{"embeddable":true,"href":"https:\/\/archive.sana.sy\/es\/index.php?rest_route=%2Fwp%2Fv2%2Fcomments&post=221308"}],"version-history":[{"count":0,"href":"https:\/\/archive.sana.sy\/es\/index.php?rest_route=\/wp\/v2\/posts\/221308\/revisions"}],"wp:featuredmedia":[{"embeddable":true,"href":"https:\/\/archive.sana.sy\/es\/index.php?rest_route=\/wp\/v2\/media\/221309"}],"wp:attachment":[{"href":"https:\/\/archive.sana.sy\/es\/index.php?rest_route=%2Fwp%2Fv2%2Fmedia&parent=221308"}],"wp:term":[{"taxonomy":"category","embeddable":true,"href":"https:\/\/archive.sana.sy\/es\/index.php?rest_route=%2Fwp%2Fv2%2Fcategories&post=221308"},{"taxonomy":"post_tag","embeddable":true,"href":"https:\/\/archive.sana.sy\/es\/index.php?rest_route=%2Fwp%2Fv2%2Ftags&post=221308"}],"curies":[{"name":"wp","href":"https:\/\/api.w.org\/{rel}","templated":true}]}}