{"id":221345,"date":"2022-03-04T14:35:25","date_gmt":"2022-03-04T12:35:25","guid":{"rendered":"http:\/\/107.6.182.27\/es\/?p=221345"},"modified":"2023-01-10T16:38:14","modified_gmt":"2023-01-10T14:38:14","slug":"30-muertos-y-decenas-de-heridos-en-atentado-terrorista-en-pakistan","status":"publish","type":"post","link":"https:\/\/archive.sana.sy\/es\/?p=221345","title":{"rendered":"30 muertos y decenas de heridos en atentado terrorista en Pakist\u00e1n"},"content":{"rendered":"<p style=\"text-align: justify;\"><span style=\"color: #800000;\"><strong>Peshawar, 04 mar (SANA)\u00a0<\/strong> <\/span>\u00a030 personas perdieron la vida y otras decenas resultaron heridas, hoy, en un atentado terrorista contra una mezquita en la ciudad de Peshawar, en el noroeste de Pakist\u00e1n.<\/p>\n<p style=\"text-align: justify;\">El oficial de la polic\u00eda local, Waheed Khan, inform\u00f3 a la agencia Associated Press (AP) que, la explosi\u00f3n tuvo lugar dentro de la mezquita Kucha Risaldar en la referida ciudad, mientras los fieles se reun\u00edan para realizar el rezo del viernes, lo que provoc\u00f3 la muerte, al menos, de 30 personas y la lesi\u00f3n de decenas.<\/p>\n<p style=\"text-align: justify;\">Agreg\u00f3 que el atentado no fue autoproclamado por ninguna parte, aunque tanto los terroristas del (Daesh) como los (talibanes) hab\u00edan llevado a cabo ataques similares en esta zona cercana a la frontera con Afganist\u00e1n.<\/p>\n<p style=\"text-align: justify;\">sm<\/p>\n","protected":false},"excerpt":{"rendered":"<p>Peshawar, 04 mar (SANA)\u00a0 \u00a030 personas perdieron la vida y otras decenas resultaron heridas, hoy, en un atentado terrorista contra una mezquita en la ciudad de Peshawar, en el noroeste de Pakist\u00e1n. El oficial de la polic\u00eda local, Waheed Khan, inform\u00f3 a la agencia Associated Press (AP) que, la explosi\u00f3n tuvo lugar dentro de la &hellip;<\/p>\n","protected":false},"author":39,"featured_media":221346,"comment_status":"closed","ping_status":"closed","sticky":false,"template":"","format":"standard","meta":{"footnotes":""},"categories":[447,597,456,457],"tags":[],"class_list":["post-221345","post","type-post","status-publish","format-standard","has-post-thumbnail","","category-local-politica","category-cinta-de-noticias","category-arabe-internacional-politica","category-noticias-arabe-internacional-politica"],"_links":{"self":[{"href":"https:\/\/archive.sana.sy\/es\/index.php?rest_route=\/wp\/v2\/posts\/221345"}],"collection":[{"href":"https:\/\/archive.sana.sy\/es\/index.php?rest_route=\/wp\/v2\/posts"}],"about":[{"href":"https:\/\/archive.sana.sy\/es\/index.php?rest_route=\/wp\/v2\/types\/post"}],"author":[{"embeddable":true,"href":"https:\/\/archive.sana.sy\/es\/index.php?rest_route=\/wp\/v2\/users\/39"}],"replies":[{"embeddable":true,"href":"https:\/\/archive.sana.sy\/es\/index.php?rest_route=%2Fwp%2Fv2%2Fcomments&post=221345"}],"version-history":[{"count":0,"href":"https:\/\/archive.sana.sy\/es\/index.php?rest_route=\/wp\/v2\/posts\/221345\/revisions"}],"wp:featuredmedia":[{"embeddable":true,"href":"https:\/\/archive.sana.sy\/es\/index.php?rest_route=\/wp\/v2\/media\/221346"}],"wp:attachment":[{"href":"https:\/\/archive.sana.sy\/es\/index.php?rest_route=%2Fwp%2Fv2%2Fmedia&parent=221345"}],"wp:term":[{"taxonomy":"category","embeddable":true,"href":"https:\/\/archive.sana.sy\/es\/index.php?rest_route=%2Fwp%2Fv2%2Fcategories&post=221345"},{"taxonomy":"post_tag","embeddable":true,"href":"https:\/\/archive.sana.sy\/es\/index.php?rest_route=%2Fwp%2Fv2%2Ftags&post=221345"}],"curies":[{"name":"wp","href":"https:\/\/api.w.org\/{rel}","templated":true}]}}