{"id":221367,"date":"2022-03-04T16:20:50","date_gmt":"2022-03-04T14:20:50","guid":{"rendered":"http:\/\/107.6.182.27\/es\/?p=221367"},"modified":"2023-01-10T16:38:13","modified_gmt":"2023-01-10T14:38:13","slug":"defensa-rusa-las-autoridades-ucranianas-distribuyeron-armas-a-grupos-ultranacionalistas","status":"publish","type":"post","link":"https:\/\/archive.sana.sy\/es\/?p=221367","title":{"rendered":"Defensa rusa: las autoridades ucranianas distribuyeron armas a grupos ultranacionalistas"},"content":{"rendered":"<p style=\"text-align: justify;\"><span style=\"color: #800000;\"><strong>Mosc\u00fa, 4 mar (SANA)<\/strong>\u00a0 \u00a0<\/span>El Ministerio de Defensa ruso confirm\u00f3 que las armas distribuidas por las autoridades de Kiev a los civiles est\u00e1n siendo utilizadas contra la propia Ucrania y se\u00f1al\u00f3 que la situaci\u00f3n humanitaria se est\u00e1 deteriorando en varias regiones de Ucrania.<\/p>\n<p style=\"text-align: justify;\">\u201cEl r\u00e9gimen de Kiev distribuy\u00f3 sin control armas peque\u00f1as y municiones a grupos extremistas sin ninguna restricci\u00f3n, y el resultado es que las armas ahora se utilizan contra el pueblo ucraniano para crear escudos humanos como l\u00edneas defensivas, as\u00ed como cometer saqueos y violencia contra civiles y ciudadanos extranjeros\u201d, dijo Mikhail Mezintsev, jefe del Centro Nacional del Ministerio de Defensa de Rusia.<\/p>\n<p style=\"text-align: justify;\">Afirm\u00f3 que, a pesar de los llamamientos de Rusia, los nazis est\u00e1n deteniendo a miles de ciudadanos ucranianos, as\u00ed como a un gran n\u00famero de extranjeros, y no los liberan para su evacuaci\u00f3n.<\/p>\n<p style=\"text-align: justify;\">\u201cLos terroristas de las brigadas ultranacionalistas siguen utilizando a civiles y extranjeros como escudos humanos&#8221;, denunci\u00f3.<\/p>\n<p style=\"text-align: justify;\">El mi\u00e9rcoles \u00faltimo, el ministro de Relaciones Exteriores de Ucrania, Dmitry Kuleba, reconoci\u00f3 que mercenarios de 16 pa\u00edses, que suman m\u00e1s de 1.000, est\u00e1n en camino a su pa\u00eds y anunci\u00f3 que Ucrania obtuvo armas de 19 pa\u00edses.<\/p>\n<p style=\"text-align: justify;\">fm\/sm<\/p>\n","protected":false},"excerpt":{"rendered":"<p>Mosc\u00fa, 4 mar (SANA)\u00a0 \u00a0El Ministerio de Defensa ruso confirm\u00f3 que las armas distribuidas por las autoridades de Kiev a los civiles est\u00e1n siendo utilizadas contra la propia Ucrania y se\u00f1al\u00f3 que la situaci\u00f3n humanitaria se est\u00e1 deteriorando en varias regiones de Ucrania. \u201cEl r\u00e9gimen de Kiev distribuy\u00f3 sin control armas peque\u00f1as y municiones a &hellip;<\/p>\n","protected":false},"author":39,"featured_media":221368,"comment_status":"closed","ping_status":"closed","sticky":false,"template":"","format":"standard","meta":{"footnotes":""},"categories":[447,597,456,457,7541],"tags":[],"class_list":["post-221367","post","type-post","status-publish","format-standard","has-post-thumbnail","","category-local-politica","category-cinta-de-noticias","category-arabe-internacional-politica","category-noticias-arabe-internacional-politica","category-ultimas-noticias"],"_links":{"self":[{"href":"https:\/\/archive.sana.sy\/es\/index.php?rest_route=\/wp\/v2\/posts\/221367"}],"collection":[{"href":"https:\/\/archive.sana.sy\/es\/index.php?rest_route=\/wp\/v2\/posts"}],"about":[{"href":"https:\/\/archive.sana.sy\/es\/index.php?rest_route=\/wp\/v2\/types\/post"}],"author":[{"embeddable":true,"href":"https:\/\/archive.sana.sy\/es\/index.php?rest_route=\/wp\/v2\/users\/39"}],"replies":[{"embeddable":true,"href":"https:\/\/archive.sana.sy\/es\/index.php?rest_route=%2Fwp%2Fv2%2Fcomments&post=221367"}],"version-history":[{"count":0,"href":"https:\/\/archive.sana.sy\/es\/index.php?rest_route=\/wp\/v2\/posts\/221367\/revisions"}],"wp:featuredmedia":[{"embeddable":true,"href":"https:\/\/archive.sana.sy\/es\/index.php?rest_route=\/wp\/v2\/media\/221368"}],"wp:attachment":[{"href":"https:\/\/archive.sana.sy\/es\/index.php?rest_route=%2Fwp%2Fv2%2Fmedia&parent=221367"}],"wp:term":[{"taxonomy":"category","embeddable":true,"href":"https:\/\/archive.sana.sy\/es\/index.php?rest_route=%2Fwp%2Fv2%2Fcategories&post=221367"},{"taxonomy":"post_tag","embeddable":true,"href":"https:\/\/archive.sana.sy\/es\/index.php?rest_route=%2Fwp%2Fv2%2Ftags&post=221367"}],"curies":[{"name":"wp","href":"https:\/\/api.w.org\/{rel}","templated":true}]}}