{"id":221370,"date":"2022-03-04T16:35:20","date_gmt":"2022-03-04T14:35:20","guid":{"rendered":"http:\/\/107.6.182.27\/es\/?p=221370"},"modified":"2023-01-10T16:38:13","modified_gmt":"2023-01-10T14:38:13","slug":"zajarova-la-crisis-ucraniana-es-parte-de-un-complot-occidental-para-destruir-rusia","status":"publish","type":"post","link":"https:\/\/archive.sana.sy\/es\/?p=221370","title":{"rendered":"Zaj\u00e1rova: La crisis ucraniana es parte de un complot occidental para destruir Rusia"},"content":{"rendered":"<p style=\"text-align: justify;\"><span style=\"color: #800000;\"><strong>Mosc\u00fa, 04 mar (SANA)\u00a0 \u00a0<\/strong><\/span>El Ministerio de Exteriores de Rusia anunci\u00f3 que Occidente es responsable de los sucesos actuales en Ucrania, que consider\u00f3 parte del complot para destruir Rusia.<\/p>\n<p style=\"text-align: justify;\">\u201cLos pa\u00edses occidentales son responsables de lo que est\u00e1 sucediendo en Ucrania\u201d, dijo la portavoz de la Canciller\u00eda rusa, Mar\u00eda Zaj\u00e1rova.<\/p>\n<p style=\"text-align: justify;\">Explic\u00f3 que Occidente declar\u00f3 constantemente que quiere destruir Rusia, su econom\u00eda, su pol\u00edtica interna y externa, su sistema financiero, y su patrimonio cultural e hist\u00f3rico\u201d.<\/p>\n<p style=\"text-align: justify;\">sm\/fm<\/p>\n","protected":false},"excerpt":{"rendered":"<p>Mosc\u00fa, 04 mar (SANA)\u00a0 \u00a0El Ministerio de Exteriores de Rusia anunci\u00f3 que Occidente es responsable de los sucesos actuales en Ucrania, que consider\u00f3 parte del complot para destruir Rusia. \u201cLos pa\u00edses occidentales son responsables de lo que est\u00e1 sucediendo en Ucrania\u201d, dijo la portavoz de la Canciller\u00eda rusa, Mar\u00eda Zaj\u00e1rova. Explic\u00f3 que Occidente declar\u00f3 constantemente &hellip;<\/p>\n","protected":false},"author":39,"featured_media":221371,"comment_status":"closed","ping_status":"closed","sticky":false,"template":"","format":"standard","meta":{"footnotes":""},"categories":[597,456,457,7541],"tags":[],"class_list":["post-221370","post","type-post","status-publish","format-standard","has-post-thumbnail","","category-cinta-de-noticias","category-arabe-internacional-politica","category-noticias-arabe-internacional-politica","category-ultimas-noticias"],"_links":{"self":[{"href":"https:\/\/archive.sana.sy\/es\/index.php?rest_route=\/wp\/v2\/posts\/221370"}],"collection":[{"href":"https:\/\/archive.sana.sy\/es\/index.php?rest_route=\/wp\/v2\/posts"}],"about":[{"href":"https:\/\/archive.sana.sy\/es\/index.php?rest_route=\/wp\/v2\/types\/post"}],"author":[{"embeddable":true,"href":"https:\/\/archive.sana.sy\/es\/index.php?rest_route=\/wp\/v2\/users\/39"}],"replies":[{"embeddable":true,"href":"https:\/\/archive.sana.sy\/es\/index.php?rest_route=%2Fwp%2Fv2%2Fcomments&post=221370"}],"version-history":[{"count":0,"href":"https:\/\/archive.sana.sy\/es\/index.php?rest_route=\/wp\/v2\/posts\/221370\/revisions"}],"wp:featuredmedia":[{"embeddable":true,"href":"https:\/\/archive.sana.sy\/es\/index.php?rest_route=\/wp\/v2\/media\/221371"}],"wp:attachment":[{"href":"https:\/\/archive.sana.sy\/es\/index.php?rest_route=%2Fwp%2Fv2%2Fmedia&parent=221370"}],"wp:term":[{"taxonomy":"category","embeddable":true,"href":"https:\/\/archive.sana.sy\/es\/index.php?rest_route=%2Fwp%2Fv2%2Fcategories&post=221370"},{"taxonomy":"post_tag","embeddable":true,"href":"https:\/\/archive.sana.sy\/es\/index.php?rest_route=%2Fwp%2Fv2%2Ftags&post=221370"}],"curies":[{"name":"wp","href":"https:\/\/api.w.org\/{rel}","templated":true}]}}