{"id":221384,"date":"2022-03-04T18:14:16","date_gmt":"2022-03-04T16:14:16","guid":{"rendered":"http:\/\/107.6.182.27\/es\/?p=221384"},"modified":"2023-01-10T14:19:51","modified_gmt":"2023-01-10T12:19:51","slug":"entrenan-a-terrorista-de-daesh-en-base-estadounidense-en-siria-para-su-envio-a-combatir-en-ucrania","status":"publish","type":"post","link":"https:\/\/archive.sana.sy\/es\/?p=221384","title":{"rendered":"Entrenan a terrorista de Daesh en base estadounidense en Siria para su env\u00edo a combatir en Ucrania"},"content":{"rendered":"<p style=\"text-align: justify;\"><span style=\"color: #800000;\"><strong>Mosc\u00fa, 4 mar (SANA)<\/strong><\/span>\u00a0 \u00a0El Servicio de Inteligencia Exterior de Rusia, inform\u00f3 hoy que en la base de Estados Unidos de Al-Tanf en el este de Siria, fueron formados terroristas del Estado Isl\u00e1mico (Daesh en \u00e1rabe) para su env\u00edo como mercenarios a la regi\u00f3n de Donb\u00e1s.<\/p>\n<p style=\"text-align: justify;\">Un comunicado emitido por el Servicio citado por Sputnik, indic\u00f3 que \u201c a fines de 2021, los estadounidenses liberaron de las prisiones del ala kurda de las Fuerzas Democr\u00e1ticas Sirias, formaciones armadas ilegales a varias docenas de terroristas de Daesh de entre ciudadanos de Rusia y los pa\u00edses de la CEI, con la vista puesta en la regi\u00f3n de Donb\u00e1s&#8221;.<\/p>\n<p style=\"text-align: justify;\">Detall\u00f3 que estos terroristas fueron entrenados al uso de sistemas de misiles antia\u00e9reos port\u00e1tiles y antitanques, sistemas de cohetes de lanzamiento m\u00faltiple, veh\u00edculos a\u00e9reos no tripulados de ataque y otros tipos de armas modernas. Luego, los combatientes de Daesh fueron llevados a una base militar estadounidense en el norte de Irak, desde donde fueron trasladados a territorio ucraniano&#8221;, dice el informe.<\/p>\n<p style=\"text-align: justify;\">fm\/sm<\/p>\n","protected":false},"excerpt":{"rendered":"<p>Mosc\u00fa, 4 mar (SANA)\u00a0 \u00a0El Servicio de Inteligencia Exterior de Rusia, inform\u00f3 hoy que en la base de Estados Unidos de Al-Tanf en el este de Siria, fueron formados terroristas del Estado Isl\u00e1mico (Daesh en \u00e1rabe) para su env\u00edo como mercenarios a la regi\u00f3n de Donb\u00e1s. Un comunicado emitido por el Servicio citado por Sputnik, &hellip;<\/p>\n","protected":false},"author":39,"featured_media":221387,"comment_status":"closed","ping_status":"closed","sticky":false,"template":"","format":"standard","meta":{"footnotes":""},"categories":[447,597,456,467,583],"tags":[],"class_list":["post-221384","post","type-post","status-publish","format-standard","has-post-thumbnail","","category-local-politica","category-cinta-de-noticias","category-arabe-internacional-politica","category-siria-y-el-mundo","category-slide"],"_links":{"self":[{"href":"https:\/\/archive.sana.sy\/es\/index.php?rest_route=\/wp\/v2\/posts\/221384"}],"collection":[{"href":"https:\/\/archive.sana.sy\/es\/index.php?rest_route=\/wp\/v2\/posts"}],"about":[{"href":"https:\/\/archive.sana.sy\/es\/index.php?rest_route=\/wp\/v2\/types\/post"}],"author":[{"embeddable":true,"href":"https:\/\/archive.sana.sy\/es\/index.php?rest_route=\/wp\/v2\/users\/39"}],"replies":[{"embeddable":true,"href":"https:\/\/archive.sana.sy\/es\/index.php?rest_route=%2Fwp%2Fv2%2Fcomments&post=221384"}],"version-history":[{"count":0,"href":"https:\/\/archive.sana.sy\/es\/index.php?rest_route=\/wp\/v2\/posts\/221384\/revisions"}],"wp:featuredmedia":[{"embeddable":true,"href":"https:\/\/archive.sana.sy\/es\/index.php?rest_route=\/wp\/v2\/media\/221387"}],"wp:attachment":[{"href":"https:\/\/archive.sana.sy\/es\/index.php?rest_route=%2Fwp%2Fv2%2Fmedia&parent=221384"}],"wp:term":[{"taxonomy":"category","embeddable":true,"href":"https:\/\/archive.sana.sy\/es\/index.php?rest_route=%2Fwp%2Fv2%2Fcategories&post=221384"},{"taxonomy":"post_tag","embeddable":true,"href":"https:\/\/archive.sana.sy\/es\/index.php?rest_route=%2Fwp%2Fv2%2Ftags&post=221384"}],"curies":[{"name":"wp","href":"https:\/\/api.w.org\/{rel}","templated":true}]}}