{"id":221448,"date":"2022-03-04T21:39:27","date_gmt":"2022-03-04T19:39:27","guid":{"rendered":"http:\/\/107.6.182.27\/es\/?p=221448"},"modified":"2023-01-10T16:38:13","modified_gmt":"2023-01-10T14:38:13","slug":"ocupante-israeli-arresta-a-3-palestinos-en-sheikh-jarrah","status":"publish","type":"post","link":"https:\/\/archive.sana.sy\/es\/?p=221448","title":{"rendered":"Ocupante israel\u00ed arresta a 3 palestinos en Sheikh Jarrah"},"content":{"rendered":"<p style=\"text-align: justify;\"><span style=\"color: #800000;\"><strong>Jerusal\u00e9n ocupada, 04 mar (SANA)\u00a0 \u00a0<\/strong><\/span>Las fuerzas de la ocupaci\u00f3n israel\u00edes arrestaron este viernes a tres palestinos durante una manifestaci\u00f3n en protesta por la continua agresi\u00f3n del ocupante y sus colonos contra los residentes del barrio Sheikh Jarrah en la ciudad ocupada de Jerusal\u00e9n.<\/p>\n<p style=\"text-align: justify;\">La agencia palestina \u201cWafa\u201d anunci\u00f3 que las fuerzas israel\u00edes agredieron a los manifestantes que salieron a denunciar la campa\u00f1a de desplazamiento forzado realizada por este ocupante sionista.<\/p>\n<p style=\"text-align: justify;\">Anteriormente, el ocupante israel\u00ed arrest\u00f3 a cinco palestinos en la ciudad de Yen\u00edn en Cisjordania.<\/p>\n<p style=\"text-align: justify;\">rr\/fm<\/p>\n","protected":false},"excerpt":{"rendered":"<p>Jerusal\u00e9n ocupada, 04 mar (SANA)\u00a0 \u00a0Las fuerzas de la ocupaci\u00f3n israel\u00edes arrestaron este viernes a tres palestinos durante una manifestaci\u00f3n en protesta por la continua agresi\u00f3n del ocupante y sus colonos contra los residentes del barrio Sheikh Jarrah en la ciudad ocupada de Jerusal\u00e9n. La agencia palestina \u201cWafa\u201d anunci\u00f3 que las fuerzas israel\u00edes agredieron a &hellip;<\/p>\n","protected":false},"author":31,"featured_media":221449,"comment_status":"closed","ping_status":"closed","sticky":false,"template":"","format":"standard","meta":{"footnotes":""},"categories":[456],"tags":[],"class_list":["post-221448","post","type-post","status-publish","format-standard","has-post-thumbnail","","category-arabe-internacional-politica"],"_links":{"self":[{"href":"https:\/\/archive.sana.sy\/es\/index.php?rest_route=\/wp\/v2\/posts\/221448"}],"collection":[{"href":"https:\/\/archive.sana.sy\/es\/index.php?rest_route=\/wp\/v2\/posts"}],"about":[{"href":"https:\/\/archive.sana.sy\/es\/index.php?rest_route=\/wp\/v2\/types\/post"}],"author":[{"embeddable":true,"href":"https:\/\/archive.sana.sy\/es\/index.php?rest_route=\/wp\/v2\/users\/31"}],"replies":[{"embeddable":true,"href":"https:\/\/archive.sana.sy\/es\/index.php?rest_route=%2Fwp%2Fv2%2Fcomments&post=221448"}],"version-history":[{"count":0,"href":"https:\/\/archive.sana.sy\/es\/index.php?rest_route=\/wp\/v2\/posts\/221448\/revisions"}],"wp:featuredmedia":[{"embeddable":true,"href":"https:\/\/archive.sana.sy\/es\/index.php?rest_route=\/wp\/v2\/media\/221449"}],"wp:attachment":[{"href":"https:\/\/archive.sana.sy\/es\/index.php?rest_route=%2Fwp%2Fv2%2Fmedia&parent=221448"}],"wp:term":[{"taxonomy":"category","embeddable":true,"href":"https:\/\/archive.sana.sy\/es\/index.php?rest_route=%2Fwp%2Fv2%2Fcategories&post=221448"},{"taxonomy":"post_tag","embeddable":true,"href":"https:\/\/archive.sana.sy\/es\/index.php?rest_route=%2Fwp%2Fv2%2Ftags&post=221448"}],"curies":[{"name":"wp","href":"https:\/\/api.w.org\/{rel}","templated":true}]}}